{"id":11162,"date":"2026-08-28T12:59:18","date_gmt":"2026-08-28T10:59:18","guid":{"rendered":"https:\/\/mad.es\/blog\/?p=11162"},"modified":"2026-08-28T13:58:04","modified_gmt":"2026-08-28T11:58:04","slug":"funciones-gestion-procesal","status":"publish","type":"post","link":"https:\/\/mad.es\/blog\/funciones-gestion-procesal\/","title":{"rendered":"Funciones de Gesti\u00f3n Procesal: qu\u00e9 hace un Gestor Procesal y cu\u00e1les son sus responsabilidades"},"content":{"rendered":"<span class=\"span-reading-time rt-reading-time\" style=\"display: block;\"><span class=\"rt-label rt-prefix\">Tiempo de lectura:<\/span> <span class=\"rt-time\"> 6<\/span> <span class=\"rt-label rt-postfix\">minutos<\/span><\/span>\t\t<div data-elementor-type=\"wp-post\" data-elementor-id=\"11162\" class=\"elementor elementor-11162\" data-elementor-post-type=\"post\">\n\t\t\t\t<div class=\"elementor-element elementor-element-2583e8c e-flex e-con-boxed e-con e-parent\" data-id=\"2583e8c\" data-element_type=\"container\" data-e-type=\"container\">\n\t\t\t\t\t<div class=\"e-con-inner\">\n\t\t<div class=\"elementor-element elementor-element-d6c1e47 e-con-full e-flex e-con e-child\" data-id=\"d6c1e47\" data-element_type=\"container\" data-e-type=\"container\">\n\t\t\t\t<div class=\"elementor-element elementor-element-5a43f63 elementor-widget elementor-widget-text-editor\" data-id=\"5a43f63\" data-element_type=\"widget\" data-e-type=\"widget\" data-widget_type=\"text-editor.default\">\n\t\t\t\t<div class=\"elementor-widget-container\">\n\t\t\t\t\t\t\t\t\t<div class=\"elementor-element elementor-element-69a7f0a elementor-widget elementor-widget-text-editor\" data-id=\"69a7f0a\" data-element_type=\"widget\" data-widget_type=\"text-editor.default\"><div class=\"elementor-widget-container\"><p>El Cuerpo de <strong>Gesti\u00f3n Procesal y Administrativa<\/strong> desempe\u00f1a un papel esencial en el funcionamiento diario de la <a href=\"https:\/\/www.administraciondejusticia.gob.es\/\" target=\"_blank\" rel=\"noopener\"><strong>Administraci\u00f3n de Justicia<\/strong><\/a>. Conocer las <strong>funciones de Gesti\u00f3n Procesal<\/strong> resulta fundamental para quienes est\u00e1n valorando preparar esta oposici\u00f3n, ya que permite comprender el nivel de responsabilidad del puesto y el tipo de trabajo que se desarrolla en juzgados y tribunales.<\/p><p>Entre las funciones de <a href=\"https:\/\/mad.es\/blog\/requisitos-de-gestion-procesal\/\" target=\"_blank\" rel=\"noopener\"><strong>Gesti\u00f3n Procesal<\/strong> <\/a>se incluyen la colaboraci\u00f3n con jueces, magistrados y letrados de la Administraci\u00f3n de Justicia, as\u00ed como la realizaci\u00f3n de tareas que requieren conocimientos jur\u00eddicos y capacidad organizativa. Y es que, como veremos en este art\u00edculo con m\u00e1s detalle, lejos de limitarse a tareas administrativas, el <a href=\"https:\/\/mad.es\/blog\/nota-de-corte-gestion-procesal\/\" target=\"_blank\" rel=\"noopener\"><strong>Gestor Procesal<\/strong><\/a> participa activamente en la tramitaci\u00f3n de los procedimientos judiciales, con un elevado grado de especializaci\u00f3n.<\/p><\/div><\/div>\t\t\t\t\t\t\t\t<\/div>\n\t\t\t\t<\/div>\n\t\t\t\t<\/div>\n\t\t\t\t\t<\/div>\n\t\t\t\t<\/div>\n\t\t<div class=\"elementor-element elementor-element-b74ff3c e-flex e-con-boxed e-con e-parent\" data-id=\"b74ff3c\" data-element_type=\"container\" data-e-type=\"container\">\n\t\t\t\t\t<div class=\"e-con-inner\">\n\t\t\t\t<div class=\"elementor-element elementor-element-69bd792 elementor-toc--minimized-on-tablet elementor-widget elementor-widget-table-of-contents\" data-id=\"69bd792\" data-element_type=\"widget\" data-e-type=\"widget\" data-settings=\"{&quot;headings_by_tags&quot;:[&quot;h2&quot;,&quot;h3&quot;],&quot;exclude_headings_by_selector&quot;:[],&quot;no_headings_message&quot;:&quot;No se ha encontrado ning\\u00fan encabezado en esta p\\u00e1gina.&quot;,&quot;marker_view&quot;:&quot;numbers&quot;,&quot;minimize_box&quot;:&quot;yes&quot;,&quot;minimized_on&quot;:&quot;tablet&quot;,&quot;hierarchical_view&quot;:&quot;yes&quot;,&quot;min_height&quot;:{&quot;unit&quot;:&quot;px&quot;,&quot;size&quot;:&quot;&quot;,&quot;sizes&quot;:[]},&quot;min_height_tablet&quot;:{&quot;unit&quot;:&quot;px&quot;,&quot;size&quot;:&quot;&quot;,&quot;sizes&quot;:[]},&quot;min_height_mobile&quot;:{&quot;unit&quot;:&quot;px&quot;,&quot;size&quot;:&quot;&quot;,&quot;sizes&quot;:[]}}\" data-widget_type=\"table-of-contents.default\">\n\t\t\t\t<div class=\"elementor-widget-container\">\n\t\t\t\t\t\t\t\t\t<div class=\"elementor-toc__header\">\n\t\t\t\t\t\t<div class=\"elementor-toc__header-title\">\n\t\t\t\tTabla de contenidos\t\t\t<\/div>\n\t\t\t\t\t\t\t\t\t\t<div class=\"elementor-toc__toggle-button elementor-toc__toggle-button--expand\" role=\"button\" tabindex=\"0\" aria-controls=\"elementor-toc__69bd792\" aria-expanded=\"true\" aria-label=\"Abrir la tabla de contenidos\"><svg aria-hidden=\"true\" class=\"e-font-icon-svg e-fas-chevron-down\" viewBox=\"0 0 448 512\" xmlns=\"http:\/\/www.w3.org\/2000\/svg\"><path d=\"M207.029 381.476L12.686 187.132c-9.373-9.373-9.373-24.569 0-33.941l22.667-22.667c9.357-9.357 24.522-9.375 33.901-.04L224 284.505l154.745-154.021c9.379-9.335 24.544-9.317 33.901.04l22.667 22.667c9.373 9.373 9.373 24.569 0 33.941L240.971 381.476c-9.373 9.372-24.569 9.372-33.942 0z\"><\/path><\/svg><\/div>\n\t\t\t\t<div class=\"elementor-toc__toggle-button elementor-toc__toggle-button--collapse\" role=\"button\" tabindex=\"0\" aria-controls=\"elementor-toc__69bd792\" aria-expanded=\"true\" aria-label=\"Cerrar la tabla de contenidos\"><svg aria-hidden=\"true\" class=\"e-font-icon-svg e-fas-chevron-up\" viewBox=\"0 0 448 512\" xmlns=\"http:\/\/www.w3.org\/2000\/svg\"><path d=\"M240.971 130.524l194.343 194.343c9.373 9.373 9.373 24.569 0 33.941l-22.667 22.667c-9.357 9.357-24.522 9.375-33.901.04L224 227.495 69.255 381.516c-9.379 9.335-24.544 9.317-33.901-.04l-22.667-22.667c-9.373-9.373-9.373-24.569 0-33.941L207.03 130.525c9.372-9.373 24.568-9.373 33.941-.001z\"><\/path><\/svg><\/div>\n\t\t\t\t\t<\/div>\n\t\t\t\t<div id=\"elementor-toc__69bd792\" class=\"elementor-toc__body\">\n\t\t\t<div class=\"elementor-toc__spinner-container\">\n\t\t\t\t<svg class=\"elementor-toc__spinner eicon-animation-spin e-font-icon-svg e-eicon-loading\" aria-hidden=\"true\" viewBox=\"0 0 1000 1000\" xmlns=\"http:\/\/www.w3.org\/2000\/svg\"><path d=\"M500 975V858C696 858 858 696 858 500S696 142 500 142 142 304 142 500H25C25 237 238 25 500 25S975 237 975 500 763 975 500 975Z\"><\/path><\/svg>\t\t\t<\/div>\n\t\t<\/div>\n\t\t\t\t\t\t<\/div>\n\t\t\t\t<\/div>\n\t\t\t\t<div class=\"elementor-element elementor-element-9392785 elementor-widget elementor-widget-spacer\" data-id=\"9392785\" data-element_type=\"widget\" data-e-type=\"widget\" data-widget_type=\"spacer.default\">\n\t\t\t\t<div class=\"elementor-widget-container\">\n\t\t\t\t\t\t\t<div class=\"elementor-spacer\">\n\t\t\t<div class=\"elementor-spacer-inner\"><\/div>\n\t\t<\/div>\n\t\t\t\t\t\t<\/div>\n\t\t\t\t<\/div>\n\t\t\t\t\t<\/div>\n\t\t\t\t<\/div>\n\t\t<div class=\"elementor-element elementor-element-41c1492 e-flex e-con-boxed e-con e-parent\" data-id=\"41c1492\" data-element_type=\"container\" data-e-type=\"container\">\n\t\t\t\t\t<div class=\"e-con-inner\">\n\t\t<div class=\"elementor-element elementor-element-be09616 e-con-full e-flex e-con e-child\" data-id=\"be09616\" data-element_type=\"container\" data-e-type=\"container\">\n\t\t\t\t<div class=\"elementor-element elementor-element-68736dd elementor-widget elementor-widget-heading\" data-id=\"68736dd\" data-element_type=\"widget\" data-e-type=\"widget\" data-widget_type=\"heading.default\">\n\t\t\t\t<div class=\"elementor-widget-container\">\n\t\t\t\t\t<h2 class=\"elementor-heading-title elementor-size-default\">\u00bfQu\u00e9 es el Cuerpo de Gesti\u00f3n Procesal y Administrativa?<\/h2>\t\t\t\t<\/div>\n\t\t\t\t<\/div>\n\t\t\t\t<div class=\"elementor-element elementor-element-3bf8c6d elementor-widget elementor-widget-text-editor\" data-id=\"3bf8c6d\" data-element_type=\"widget\" data-e-type=\"widget\" data-widget_type=\"text-editor.default\">\n\t\t\t\t<div class=\"elementor-widget-container\">\n\t\t\t\t\t\t\t\t\t<div class=\"elementor-element elementor-element-69a7f0a elementor-widget elementor-widget-text-editor\" data-id=\"69a7f0a\" data-element_type=\"widget\" data-widget_type=\"text-editor.default\"><div class=\"elementor-widget-container\"><p>El <a href=\"https:\/\/mad.es\/blog\/sueldo-gestion-procesal\/\" target=\"_blank\" rel=\"noopener\"><strong>Cuerpo de Gesti\u00f3n Procesal<\/strong><\/a> y Administrativa forma parte de los cuerpos generales al servicio de la Administraci\u00f3n de Justicia. Sus integrantes trabajan en distintos \u00f3rganos judiciales garantizando que los procedimientos se desarrollen de forma \u00e1gil, ordenada y conforme a la normativa procesal vigente.<\/p><p>Dentro de la estructura de la Administraci\u00f3n de Justicia, este cuerpo ocupa un nivel superior al de Tramitaci\u00f3n Procesal y Administrativa y al de Auxilio Judicial. Por ello, sus funciones implican una <strong>mayor autonom\u00eda t\u00e9cnica <\/strong>y una participaci\u00f3n m\u00e1s activa en la gesti\u00f3n de los procedimientos judiciales. Para acceder es necesario estar en posesi\u00f3n de un <strong><a href=\"https:\/\/mad.es\/blog\/oposiciones-derecho\/\" target=\"_blank\" rel=\"noopener\">t\u00edtulo universitario de Grado, Diplomatura<\/a>,<\/strong> Ingenier\u00eda T\u00e9cnica, Arquitectura T\u00e9cnica o equivalente, adem\u00e1s de superar el correspondiente proceso selectivo.<\/p><p>Su trabajo resulta imprescindible para que la actividad de los \u00f3rganos judiciales pueda desarrollarse con eficacia, ya que constituye el nexo entre la gesti\u00f3n administrativa y el desarrollo de las actuaciones procesales.<\/p><\/div><\/div>\t\t\t\t\t\t\t\t<\/div>\n\t\t\t\t<\/div>\n\t\t\t\t<\/div>\n\t\t\t\t\t<\/div>\n\t\t\t\t<\/div>\n\t\t<div class=\"elementor-element elementor-element-fb508d6 e-flex e-con-boxed e-con e-parent\" data-id=\"fb508d6\" data-element_type=\"container\" data-e-type=\"container\">\n\t\t\t\t\t<div class=\"e-con-inner\">\n\t\t\t\t<div class=\"elementor-element elementor-element-8dba59d elementor-widget-divider--view-line elementor-widget elementor-widget-divider\" data-id=\"8dba59d\" data-element_type=\"widget\" data-e-type=\"widget\" data-widget_type=\"divider.default\">\n\t\t\t\t<div class=\"elementor-widget-container\">\n\t\t\t\t\t\t\t<div class=\"elementor-divider\">\n\t\t\t<span class=\"elementor-divider-separator\">\n\t\t\t\t\t\t<\/span>\n\t\t<\/div>\n\t\t\t\t\t\t<\/div>\n\t\t\t\t<\/div>\n\t\t\t\t<div class=\"elementor-element elementor-element-c502f4f elementor-widget elementor-widget-text-editor\" data-id=\"c502f4f\" data-element_type=\"widget\" data-e-type=\"widget\" data-widget_type=\"text-editor.default\">\n\t\t\t\t<div class=\"elementor-widget-container\">\n\t\t\t\t\t\t\t\t\t<h4><br \/><strong>\ud83d\udca1 C\u00f3mo te ayudamos a alcanzar tu plaza:<\/strong><\/h4><hr \/><p>\ud83d\udda5\ufe0f <strong>Acceso Multiplataforma<\/strong><br \/>Estudia desde tu ordenador, tablet o m\u00f3vil, sin l\u00edmites.<\/p><hr \/><p>\ud83d\udcda <strong>Material Premium<\/strong><br \/>Temarios explicados al detalle y siempre actualizados.<\/p><hr \/><p>\ud83c\udfaf <strong>Pr\u00e1ctica Dirigida<\/strong><br \/>Simulacros de examen adaptados a tus necesidades.<\/p><hr \/><p>\ud83d\udc69\u200d\ud83c\udfeb <strong>Acompa\u00f1amiento Total<\/strong><br \/>Un mentor estar\u00e1 contigo en cada etapa de tu preparaci\u00f3n.<\/p>\t\t\t\t\t\t\t\t<\/div>\n\t\t\t\t<\/div>\n\t\t\t\t<div class=\"elementor-element elementor-element-d50023a elementor-align-center elementor-widget elementor-widget-button\" data-id=\"d50023a\" data-element_type=\"widget\" data-e-type=\"widget\" data-widget_type=\"button.default\">\n\t\t\t\t<div class=\"elementor-widget-container\">\n\t\t\t\t\t\t\t\t\t<div class=\"elementor-button-wrapper\">\n\t\t\t\t\t<a class=\"elementor-button elementor-button-link elementor-size-sm\" href=\"https:\/\/mad.es\/informacion\/mad360\" target=\"_blank\">\n\t\t\t\t\t\t<span class=\"elementor-button-content-wrapper\">\n\t\t\t\t\t\t\t\t\t<span class=\"elementor-button-text\">\u00a1Probar gratis!<\/span>\n\t\t\t\t\t<\/span>\n\t\t\t\t\t<\/a>\n\t\t\t\t<\/div>\n\t\t\t\t\t\t\t\t<\/div>\n\t\t\t\t<\/div>\n\t\t\t\t<div class=\"elementor-element elementor-element-f7bd6ac elementor-widget-divider--view-line elementor-widget elementor-widget-divider\" data-id=\"f7bd6ac\" data-element_type=\"widget\" data-e-type=\"widget\" data-widget_type=\"divider.default\">\n\t\t\t\t<div class=\"elementor-widget-container\">\n\t\t\t\t\t\t\t<div class=\"elementor-divider\">\n\t\t\t<span class=\"elementor-divider-separator\">\n\t\t\t\t\t\t<\/span>\n\t\t<\/div>\n\t\t\t\t\t\t<\/div>\n\t\t\t\t<\/div>\n\t\t\t\t\t<\/div>\n\t\t\t\t<\/div>\n\t\t<div class=\"elementor-element elementor-element-7e5d730 e-flex e-con-boxed e-con e-parent\" data-id=\"7e5d730\" data-element_type=\"container\" data-e-type=\"container\">\n\t\t\t\t\t<div class=\"e-con-inner\">\n\t\t<div class=\"elementor-element elementor-element-4dda190 e-con-full e-flex e-con e-child\" data-id=\"4dda190\" data-element_type=\"container\" data-e-type=\"container\">\n\t\t\t\t<div class=\"elementor-element elementor-element-649dd65 elementor-widget elementor-widget-heading\" data-id=\"649dd65\" data-element_type=\"widget\" data-e-type=\"widget\" data-widget_type=\"heading.default\">\n\t\t\t\t<div class=\"elementor-widget-container\">\n\t\t\t\t\t<h2 class=\"elementor-heading-title elementor-size-default\">Funciones de Gesti\u00f3n Procesal: \u00bfqu\u00e9 hace un Gestor Procesal?<\/h2>\t\t\t\t<\/div>\n\t\t\t\t<\/div>\n\t\t\t\t<div class=\"elementor-element elementor-element-7b78788 elementor-widget elementor-widget-text-editor\" data-id=\"7b78788\" data-element_type=\"widget\" data-e-type=\"widget\" data-widget_type=\"text-editor.default\">\n\t\t\t\t<div class=\"elementor-widget-container\">\n\t\t\t\t\t\t\t\t\t<div class=\"elementor-element elementor-element-69a7f0a elementor-widget elementor-widget-text-editor\" data-id=\"69a7f0a\" data-element_type=\"widget\" data-widget_type=\"text-editor.default\"><div class=\"elementor-widget-container\"><p>Las <strong>funciones de Gesti\u00f3n Procesal<\/strong> vienen recogidas principalmente en el art\u00edculo 476 de la Ley Org\u00e1nica del Poder Judicial. Esta norma establece que corresponde a este cuerpo colaborar en la actividad procesal de nivel superior, y realizar tareas procesales propias, siempre bajo el principio de jerarqu\u00eda y de acuerdo con las funciones asignadas a cada puesto de trabajo.<\/p><p>Aunque el trabajo diario puede variar seg\u00fan el \u00f3rgano judicial de destino, existen una serie de funciones comunes que caracterizan esta profesi\u00f3n.<\/p><\/div><\/div>\t\t\t\t\t\t\t\t<\/div>\n\t\t\t\t<\/div>\n\t\t\t\t<\/div>\n\t\t\t\t\t<\/div>\n\t\t\t\t<\/div>\n\t\t<div class=\"elementor-element elementor-element-a3530a0 e-flex e-con-boxed e-con e-parent\" data-id=\"a3530a0\" data-element_type=\"container\" data-e-type=\"container\">\n\t\t\t\t\t<div class=\"e-con-inner\">\n\t\t<div class=\"elementor-element elementor-element-45f6e04 e-con-full e-flex e-con e-child\" data-id=\"45f6e04\" data-element_type=\"container\" data-e-type=\"container\">\n\t\t\t\t<div class=\"elementor-element elementor-element-a638208 elementor-widget elementor-widget-heading\" data-id=\"a638208\" data-element_type=\"widget\" data-e-type=\"widget\" data-widget_type=\"heading.default\">\n\t\t\t\t<div class=\"elementor-widget-container\">\n\t\t\t\t\t<h3 class=\"elementor-heading-title elementor-size-default\">Tramitaci\u00f3n e impulso de los procedimientos judiciales<\/h3>\t\t\t\t<\/div>\n\t\t\t\t<\/div>\n\t\t\t\t<div class=\"elementor-element elementor-element-88a96a4 elementor-widget elementor-widget-text-editor\" data-id=\"88a96a4\" data-element_type=\"widget\" data-e-type=\"widget\" data-widget_type=\"text-editor.default\">\n\t\t\t\t<div class=\"elementor-widget-container\">\n\t\t\t\t\t\t\t\t\t<div class=\"elementor-element elementor-element-69a7f0a elementor-widget elementor-widget-text-editor\" data-id=\"69a7f0a\" data-element_type=\"widget\" data-widget_type=\"text-editor.default\"><div class=\"elementor-widget-container\"><p>Una de las principales responsabilidades consiste en gestionar la tramitaci\u00f3n de los procedimientos judiciales. Esto implica <strong>controlar el estado de cada expediente<\/strong>, revisar que las actuaciones se desarrollen dentro de los plazos establecidos y dar cuenta al Letrado de la Administraci\u00f3n de Justicia cuando sea necesaria una interpretaci\u00f3n de la normativa procesal.<\/p><p>El <a href=\"https:\/\/mad.es\/blog\/oposiciones-justicia-guia\/\" target=\"_blank\" rel=\"noopener\"><strong>Gestor Procesal<\/strong><\/a> participa en todas las fases de numerosos procedimientos civiles, penales, contencioso-administrativos, sociales o mercantiles, realizando actuaciones que contribuyen a que los expedientes avancen sin retrasos innecesarios. Esta labor exige <strong>conocer en profundidad las diferentes leyes procesales<\/strong> y mantener una organizaci\u00f3n rigurosa del trabajo.<\/p><p>Adem\u00e1s, debe controlar los plazos procesales, verificar la correcta incorporaci\u00f3n de escritos y documentos y asegurar que todas las actuaciones cumplen los requisitos legales exigidos.<\/p><\/div><\/div>\t\t\t\t\t\t\t\t<\/div>\n\t\t\t\t<\/div>\n\t\t\t\t<\/div>\n\t\t\t\t\t<\/div>\n\t\t\t\t<\/div>\n\t\t<div class=\"elementor-element elementor-element-706f0b2 e-flex e-con-boxed e-con e-parent\" data-id=\"706f0b2\" data-element_type=\"container\" data-e-type=\"container\">\n\t\t\t\t\t<div class=\"e-con-inner\">\n\t\t<div class=\"elementor-element elementor-element-95aef3f e-con-full e-flex e-con e-child\" data-id=\"95aef3f\" data-element_type=\"container\" data-e-type=\"container\">\n\t\t\t\t<div class=\"elementor-element elementor-element-c19f62a elementor-widget-divider--view-line elementor-widget elementor-widget-divider\" data-id=\"c19f62a\" data-element_type=\"widget\" data-e-type=\"widget\" data-widget_type=\"divider.default\">\n\t\t\t\t<div class=\"elementor-widget-container\">\n\t\t\t\t\t\t\t<div class=\"elementor-divider\">\n\t\t\t<span class=\"elementor-divider-separator\">\n\t\t\t\t\t\t<\/span>\n\t\t<\/div>\n\t\t\t\t\t\t<\/div>\n\t\t\t\t<\/div>\n\t\t\t\t<div class=\"elementor-element elementor-element-253831b elementor-widget elementor-widget-text-editor\" data-id=\"253831b\" data-element_type=\"widget\" data-e-type=\"widget\" data-widget_type=\"text-editor.default\">\n\t\t\t\t<div class=\"elementor-widget-container\">\n\t\t\t\t\t\t\t\t\t<p>\u00a0<\/p><p>\ud83c\udf93 <strong>\u00bfHas estudiado Derecho?<\/strong> \u2696\ufe0f Descubre qu\u00e9 oposiciones puedes preparar con tu titulaci\u00f3n y cu\u00e1l encaja mejor con tu perfil.<\/p><p>\u00a0<\/p>\t\t\t\t\t\t\t\t<\/div>\n\t\t\t\t<\/div>\n\t\t\t\t<div class=\"elementor-element elementor-element-ba06867 elementor-align-center elementor-widget elementor-widget-button\" data-id=\"ba06867\" data-element_type=\"widget\" data-e-type=\"widget\" data-widget_type=\"button.default\">\n\t\t\t\t<div class=\"elementor-widget-container\">\n\t\t\t\t\t\t\t\t\t<div class=\"elementor-button-wrapper\">\n\t\t\t\t\t<a class=\"elementor-button elementor-button-link elementor-size-sm\" href=\"https:\/\/mad.es\/blog\/oposiciones-derecho\/\" target=\"_blank\">\n\t\t\t\t\t\t<span class=\"elementor-button-content-wrapper\">\n\t\t\t\t\t\t\t\t\t<span class=\"elementor-button-text\">Oposiciones con derecho<\/span>\n\t\t\t\t\t<\/span>\n\t\t\t\t\t<\/a>\n\t\t\t\t<\/div>\n\t\t\t\t\t\t\t\t<\/div>\n\t\t\t\t<\/div>\n\t\t\t\t<div class=\"elementor-element elementor-element-bdf66d3 elementor-widget-divider--view-line elementor-widget elementor-widget-divider\" data-id=\"bdf66d3\" data-element_type=\"widget\" data-e-type=\"widget\" data-widget_type=\"divider.default\">\n\t\t\t\t<div class=\"elementor-widget-container\">\n\t\t\t\t\t\t\t<div class=\"elementor-divider\">\n\t\t\t<span class=\"elementor-divider-separator\">\n\t\t\t\t\t\t<\/span>\n\t\t<\/div>\n\t\t\t\t\t\t<\/div>\n\t\t\t\t<\/div>\n\t\t\t\t<\/div>\n\t\t\t\t\t<\/div>\n\t\t\t\t<\/div>\n\t\t<div class=\"elementor-element elementor-element-d1441a8 e-flex e-con-boxed e-con e-parent\" data-id=\"d1441a8\" data-element_type=\"container\" data-e-type=\"container\">\n\t\t\t\t\t<div class=\"e-con-inner\">\n\t\t\t\t<div class=\"elementor-element elementor-element-03a1494 elementor-widget elementor-widget-spacer\" data-id=\"03a1494\" data-element_type=\"widget\" data-e-type=\"widget\" data-widget_type=\"spacer.default\">\n\t\t\t\t<div class=\"elementor-widget-container\">\n\t\t\t\t\t\t\t<div class=\"elementor-spacer\">\n\t\t\t<div class=\"elementor-spacer-inner\"><\/div>\n\t\t<\/div>\n\t\t\t\t\t\t<\/div>\n\t\t\t\t<\/div>\n\t\t\t\t<div class=\"elementor-element elementor-element-ed08c7d elementor-widget elementor-widget-video\" data-id=\"ed08c7d\" data-element_type=\"widget\" data-e-type=\"widget\" data-settings=\"{&quot;youtube_url&quot;:&quot;https:\\\/\\\/www.youtube.com\\\/watch?v=a-iNHn6rqzM&amp;t=5s&quot;,&quot;video_type&quot;:&quot;youtube&quot;,&quot;controls&quot;:&quot;yes&quot;}\" data-widget_type=\"video.default\">\n\t\t\t\t<div class=\"elementor-widget-container\">\n\t\t\t\t\t\t\t<div class=\"elementor-wrapper elementor-open-inline\">\n\t\t\t<div class=\"elementor-video\"><\/div>\t\t<\/div>\n\t\t\t\t\t\t<\/div>\n\t\t\t\t<\/div>\n\t\t\t\t<div class=\"elementor-element elementor-element-9367498 elementor-widget elementor-widget-spacer\" data-id=\"9367498\" data-element_type=\"widget\" data-e-type=\"widget\" data-widget_type=\"spacer.default\">\n\t\t\t\t<div class=\"elementor-widget-container\">\n\t\t\t\t\t\t\t<div class=\"elementor-spacer\">\n\t\t\t<div class=\"elementor-spacer-inner\"><\/div>\n\t\t<\/div>\n\t\t\t\t\t\t<\/div>\n\t\t\t\t<\/div>\n\t\t\t\t\t<\/div>\n\t\t\t\t<\/div>\n\t\t<div class=\"elementor-element elementor-element-ab055c2 e-flex e-con-boxed e-con e-parent\" data-id=\"ab055c2\" data-element_type=\"container\" data-e-type=\"container\">\n\t\t\t\t\t<div class=\"e-con-inner\">\n\t\t<div class=\"elementor-element elementor-element-d73b5a1 e-con-full e-flex e-con e-child\" data-id=\"d73b5a1\" data-element_type=\"container\" data-e-type=\"container\">\n\t\t\t\t<div class=\"elementor-element elementor-element-3c95ce3 elementor-widget elementor-widget-heading\" data-id=\"3c95ce3\" data-element_type=\"widget\" data-e-type=\"widget\" data-widget_type=\"heading.default\">\n\t\t\t\t<div class=\"elementor-widget-container\">\n\t\t\t\t\t<h3 class=\"elementor-heading-title elementor-size-default\">Elaboraci\u00f3n y gesti\u00f3n de documentaci\u00f3n procesal<\/h3>\t\t\t\t<\/div>\n\t\t\t\t<\/div>\n\t\t\t\t<div class=\"elementor-element elementor-element-77f75a0 elementor-widget elementor-widget-text-editor\" data-id=\"77f75a0\" data-element_type=\"widget\" data-e-type=\"widget\" data-widget_type=\"text-editor.default\">\n\t\t\t\t<div class=\"elementor-widget-container\">\n\t\t\t\t\t\t\t\t\t<div class=\"elementor-element elementor-element-69a7f0a elementor-widget elementor-widget-text-editor\" data-id=\"69a7f0a\" data-element_type=\"widget\" data-widget_type=\"text-editor.default\"><div class=\"elementor-widget-container\"><p>Otra de las funciones m\u00e1s relevantes consiste en <strong>elaborar, revisar y gestionar la documentaci\u00f3n judicial<\/strong>. En el desarrollo diario de un procedimiento se generan numerosos documentos cuya correcta tramitaci\u00f3n resulta imprescindible para garantizar la seguridad jur\u00eddica.<\/p><p>Entre otras actuaciones, el Gestor Procesal puede practicar y firmar comparecencias realizadas por las partes, emitir certificaciones cuando la normativa lo permite, documentar embargos, lanzamientos u otros actos procesales y preparar distintos documentos necesarios para el desarrollo del procedimiento. Asimismo, participa en la formaci\u00f3n y organizaci\u00f3n de los expedientes judiciales tanto en formato f\u00edsico como electr\u00f3nico.<\/p><p>La progresiva implantaci\u00f3n del expediente judicial electr\u00f3nico ha incrementado la importancia de estas funciones, ya que gran parte de la documentaci\u00f3n se gestiona actualmente mediante aplicaciones inform\u00e1ticas espec\u00edficas.<\/p><\/div><\/div>\t\t\t\t\t\t\t\t<\/div>\n\t\t\t\t<\/div>\n\t\t\t\t<\/div>\n\t\t\t\t\t<\/div>\n\t\t\t\t<\/div>\n\t\t<div class=\"elementor-element elementor-element-b938f96 e-flex e-con-boxed e-con e-parent\" data-id=\"b938f96\" data-element_type=\"container\" data-e-type=\"container\">\n\t\t\t\t\t<div class=\"e-con-inner\">\n\t\t<div class=\"elementor-element elementor-element-251f96b e-con-full e-flex e-con e-child\" data-id=\"251f96b\" data-element_type=\"container\" data-e-type=\"container\">\n\t\t\t\t<div class=\"elementor-element elementor-element-fcc6856 elementor-widget elementor-widget-heading\" data-id=\"fcc6856\" data-element_type=\"widget\" data-e-type=\"widget\" data-widget_type=\"heading.default\">\n\t\t\t\t<div class=\"elementor-widget-container\">\n\t\t\t\t\t<h3 class=\"elementor-heading-title elementor-size-default\">Colaboraci\u00f3n con jueces, magistrados y letrados de la Administraci\u00f3n de Justicia<\/h3>\t\t\t\t<\/div>\n\t\t\t\t<\/div>\n\t\t\t\t<div class=\"elementor-element elementor-element-70eb63c elementor-widget elementor-widget-text-editor\" data-id=\"70eb63c\" data-element_type=\"widget\" data-e-type=\"widget\" data-widget_type=\"text-editor.default\">\n\t\t\t\t<div class=\"elementor-widget-container\">\n\t\t\t\t\t\t\t\t\t<div class=\"elementor-element elementor-element-69a7f0a elementor-widget elementor-widget-text-editor\" data-id=\"69a7f0a\" data-element_type=\"widget\" data-widget_type=\"text-editor.default\"><div class=\"elementor-widget-container\"><p>El trabajo del Gestor Procesal se desarrolla en coordinaci\u00f3n permanente con el resto de profesionales que integran la oficina judicial. Su colaboraci\u00f3n con jueces, magistrados, fiscales y letrados de la Administraci\u00f3n de Justicia es constante durante toda la tramitaci\u00f3n de los procedimientos.<\/p><p>Aunque las decisiones jurisdiccionales corresponden exclusivamente a jueces y magistrados, <strong>el Gestor Procesal facilita el desarrollo del procedimiento,<\/strong> preparando actuaciones, controlando expedientes y aportando apoyo t\u00e9cnico en la gesti\u00f3n procesal.<\/p><p>Esta cooperaci\u00f3n exige un elevado conocimiento de la organizaci\u00f3n judicial y una comunicaci\u00f3n fluida con todos los profesionales implicados en cada procedimiento.<\/p><\/div><\/div>\t\t\t\t\t\t\t\t<\/div>\n\t\t\t\t<\/div>\n\t\t\t\t<\/div>\n\t\t\t\t\t<\/div>\n\t\t\t\t<\/div>\n\t\t<div class=\"elementor-element elementor-element-b45e743 e-flex e-con-boxed e-con e-parent\" data-id=\"b45e743\" data-element_type=\"container\" data-e-type=\"container\">\n\t\t\t\t\t<div class=\"e-con-inner\">\n\t\t<div class=\"elementor-element elementor-element-8f43d56 e-con-full e-flex e-con e-child\" data-id=\"8f43d56\" data-element_type=\"container\" data-e-type=\"container\">\n\t\t\t\t<div class=\"elementor-element elementor-element-bfd02ff elementor-widget elementor-widget-heading\" data-id=\"bfd02ff\" data-element_type=\"widget\" data-e-type=\"widget\" data-widget_type=\"heading.default\">\n\t\t\t\t<div class=\"elementor-widget-container\">\n\t\t\t\t\t<h3 class=\"elementor-heading-title elementor-size-default\">Atenci\u00f3n a ciudadanos y profesionales<\/h3>\t\t\t\t<\/div>\n\t\t\t\t<\/div>\n\t\t\t\t<div class=\"elementor-element elementor-element-ff886cd elementor-widget elementor-widget-text-editor\" data-id=\"ff886cd\" data-element_type=\"widget\" data-e-type=\"widget\" data-widget_type=\"text-editor.default\">\n\t\t\t\t<div class=\"elementor-widget-container\">\n\t\t\t\t\t\t\t\t\t<div class=\"elementor-element elementor-element-69a7f0a elementor-widget elementor-widget-text-editor\" data-id=\"69a7f0a\" data-element_type=\"widget\" data-widget_type=\"text-editor.default\"><div class=\"elementor-widget-container\"><p>Las funciones de Gesti\u00f3n Procesal tambi\u00e9n incluyen la atenci\u00f3n e informaci\u00f3n a ciudadanos, abogados, procuradores y dem\u00e1s profesionales relacionados con la Administraci\u00f3n de Justicia.<\/p><p>Dentro de sus competencias, pueden facilitar informaci\u00f3n sobre el estado de determinados procedimientos, practicar comparecencias, formalizar actuaciones procesales y orientar sobre determinados tr\u00e1mites administrativos, siempre respetando los l\u00edmites establecidos por la legislaci\u00f3n y las normas de protecci\u00f3n de datos.<\/p><p>El trato diario con numerosos usuarios <strong>requiere habilidades comunicativas<\/strong>, capacidad para resolver incidencias y una actitud orientada al servicio p\u00fablico.<\/p><\/div><\/div>\t\t\t\t\t\t\t\t<\/div>\n\t\t\t\t<\/div>\n\t\t\t\t<\/div>\n\t\t\t\t\t<\/div>\n\t\t\t\t<\/div>\n\t\t<div class=\"elementor-element elementor-element-ba10ba7 e-flex e-con-boxed e-con e-parent\" data-id=\"ba10ba7\" data-element_type=\"container\" data-e-type=\"container\">\n\t\t\t\t\t<div class=\"e-con-inner\">\n\t\t<div class=\"elementor-element elementor-element-13a7d58 e-con-full e-flex e-con e-child\" data-id=\"13a7d58\" data-element_type=\"container\" data-e-type=\"container\">\n\t\t\t\t<div class=\"elementor-element elementor-element-1a749aa elementor-widget elementor-widget-heading\" data-id=\"1a749aa\" data-element_type=\"widget\" data-e-type=\"widget\" data-widget_type=\"heading.default\">\n\t\t\t\t<div class=\"elementor-widget-container\">\n\t\t\t\t\t<h3 class=\"elementor-heading-title elementor-size-default\">Gesti\u00f3n administrativa y uso de aplicaciones inform\u00e1ticas<\/h3>\t\t\t\t<\/div>\n\t\t\t\t<\/div>\n\t\t\t\t<div class=\"elementor-element elementor-element-501b05e elementor-widget elementor-widget-text-editor\" data-id=\"501b05e\" data-element_type=\"widget\" data-e-type=\"widget\" data-widget_type=\"text-editor.default\">\n\t\t\t\t<div class=\"elementor-widget-container\">\n\t\t\t\t\t\t\t\t\t<div class=\"elementor-element elementor-element-69a7f0a elementor-widget elementor-widget-text-editor\" data-id=\"69a7f0a\" data-element_type=\"widget\" data-widget_type=\"text-editor.default\"><div class=\"elementor-widget-container\"><p>La transformaci\u00f3n digital de la Justicia ha convertido <strong>las herramientas tecnol\u00f3gicas en un elemento imprescindible<\/strong> del trabajo diario. Los gestores procesales utilizan aplicaciones de gesti\u00f3n procesal, sistemas de firma electr\u00f3nica, plataformas de comunicaciones judiciales y expedientes electr\u00f3nicos para desarrollar pr\u00e1cticamente todas sus funciones.<\/p><p>Adem\u00e1s de tramitar procedimientos, realizan tareas relacionadas con el archivo, la organizaci\u00f3n documental, el control de actuaciones, la incorporaci\u00f3n de escritos presentados electr\u00f3nicamente y la actualizaci\u00f3n constante de la informaci\u00f3n contenida en los sistemas inform\u00e1ticos judiciales.<\/p><p>La digitalizaci\u00f3n ha permitido agilizar numerosos procedimientos, pero tambi\u00e9n <strong>exige una formaci\u00f3n continua<\/strong> para adaptarse a las nuevas herramientas implantadas en la Administraci\u00f3n de Justicia.<\/p><\/div><\/div>\t\t\t\t\t\t\t\t<\/div>\n\t\t\t\t<\/div>\n\t\t\t\t<\/div>\n\t\t\t\t\t<\/div>\n\t\t\t\t<\/div>\n\t\t<div class=\"elementor-element elementor-element-6f269b9 e-flex e-con-boxed e-con e-parent\" data-id=\"6f269b9\" data-element_type=\"container\" data-e-type=\"container\">\n\t\t\t\t\t<div class=\"e-con-inner\">\n\t\t<div class=\"elementor-element elementor-element-0d8979f e-con-full e-flex e-con e-child\" data-id=\"0d8979f\" data-element_type=\"container\" data-e-type=\"container\">\n\t\t\t\t<div class=\"elementor-element elementor-element-ea2f274 elementor-widget elementor-widget-heading\" data-id=\"ea2f274\" data-element_type=\"widget\" data-e-type=\"widget\" data-widget_type=\"heading.default\">\n\t\t\t\t<div class=\"elementor-widget-container\">\n\t\t\t\t\t<h2 class=\"elementor-heading-title elementor-size-default\">\u00bfD\u00f3nde puede trabajar un Gestor Procesal?<\/h2>\t\t\t\t<\/div>\n\t\t\t\t<\/div>\n\t\t\t\t<div class=\"elementor-element elementor-element-de2281c elementor-widget elementor-widget-text-editor\" data-id=\"de2281c\" data-element_type=\"widget\" data-e-type=\"widget\" data-widget_type=\"text-editor.default\">\n\t\t\t\t<div class=\"elementor-widget-container\">\n\t\t\t\t\t\t\t\t\t<p>Una de las ventajas de esta oposici\u00f3n es <strong>la variedad de destinos disponibles<\/strong>. Los funcionarios del Cuerpo de Gesti\u00f3n Procesal pueden desarrollar su carrera profesional en numerosos \u00f3rganos judiciales repartidos por toda Espa\u00f1a.<\/p><p>Entre los destinos m\u00e1s habituales se encuentran los juzgados de Primera Instancia, Instrucci\u00f3n, Penal, Social, Mercantil, Violencia sobre la Mujer o Contencioso-Administrativo. Tambi\u00e9n pueden prestar servicio en Audiencias Provinciales, Tribunales Superiores de Justicia, la Audiencia Nacional o el Tribunal Supremo.<\/p><p>Adem\u00e1s, existen puestos en Fiscal\u00edas, Registros Civiles, Institutos de Medicina Legal y Ciencias Forenses, servicios comunes procesales y otras unidades de apoyo a la Administraci\u00f3n de Justicia. Dependiendo del destino concreto, algunas funciones adquieren mayor protagonismo que otras, aunque todas mantienen como finalidad garantizar el correcto funcionamiento del sistema judicial.<\/p>\t\t\t\t\t\t\t\t<\/div>\n\t\t\t\t<\/div>\n\t\t\t\t<\/div>\n\t\t\t\t\t<\/div>\n\t\t\t\t<\/div>\n\t\t<div class=\"elementor-element elementor-element-431f664 e-flex e-con-boxed e-con e-parent\" data-id=\"431f664\" data-element_type=\"container\" data-e-type=\"container\">\n\t\t\t\t\t<div class=\"e-con-inner\">\n\t\t<div class=\"elementor-element elementor-element-66e3a1f e-con-full e-flex e-con e-child\" data-id=\"66e3a1f\" data-element_type=\"container\" data-e-type=\"container\">\n\t\t\t\t<div class=\"elementor-element elementor-element-4b96eb4 elementor-widget elementor-widget-heading\" data-id=\"4b96eb4\" data-element_type=\"widget\" data-e-type=\"widget\" data-widget_type=\"heading.default\">\n\t\t\t\t<div class=\"elementor-widget-container\">\n\t\t\t\t\t<h2 class=\"elementor-heading-title elementor-size-default\">\u00bfQu\u00e9 competencias y habilidades necesita un Gestor Procesal?<\/h2>\t\t\t\t<\/div>\n\t\t\t\t<\/div>\n\t\t\t\t<div class=\"elementor-element elementor-element-e46baf6 elementor-widget elementor-widget-text-editor\" data-id=\"e46baf6\" data-element_type=\"widget\" data-e-type=\"widget\" data-widget_type=\"text-editor.default\">\n\t\t\t\t<div class=\"elementor-widget-container\">\n\t\t\t\t\t\t\t\t\t<p>Como hemos visto, el trabajo exige una combinaci\u00f3n de conocimientos jur\u00eddicos, capacidad organizativa y habilidades personales. No basta con dominar el temario de la oposici\u00f3n; tambi\u00e9n es necesario desarrollar las competencias que permitan gestionar numerosos procedimientos simult\u00e1neamente.<\/p><p><strong>La organizaci\u00f3n<\/strong> constituye una de las habilidades m\u00e1s importantes. Cada gestor trabaja con m\u00faltiples expedientes que deben tramitarse respetando plazos procesales muy estrictos, por lo que una buena planificaci\u00f3n resulta esencial.<\/p><p>Tambi\u00e9n es imprescindible <strong>prestar gran atenci\u00f3n al detalle<\/strong>. Un error en la tramitaci\u00f3n de un procedimiento, una notificaci\u00f3n incorrecta o el incumplimiento de un plazo pueden tener consecuencias relevantes para las partes implicadas.<\/p><p>A ello se suma <strong>la capacidad para trabajar en equipo.<\/strong> La actividad diaria de la oficina judicial requiere coordinaci\u00f3n permanente con otros funcionarios y operadores jur\u00eddicos, por lo que la comunicaci\u00f3n y la colaboraci\u00f3n forman parte del trabajo cotidiano.<\/p><p>Finalmente, <strong>la adaptaci\u00f3n tecnol\u00f3gica<\/strong> se ha convertido en una competencia imprescindible debido al proceso de digitalizaci\u00f3n que est\u00e1 experimentando la Administraci\u00f3n de Justicia.<\/p>\t\t\t\t\t\t\t\t<\/div>\n\t\t\t\t<\/div>\n\t\t\t\t<\/div>\n\t\t\t\t\t<\/div>\n\t\t\t\t<\/div>\n\t\t<div class=\"elementor-element elementor-element-13c2abf e-flex e-con-boxed e-con e-parent\" data-id=\"13c2abf\" data-element_type=\"container\" data-e-type=\"container\">\n\t\t\t\t\t<div class=\"e-con-inner\">\n\t\t<div class=\"elementor-element elementor-element-d7ef39c e-con-full e-flex e-con e-child\" data-id=\"d7ef39c\" data-element_type=\"container\" data-e-type=\"container\">\n\t\t\t\t<div class=\"elementor-element elementor-element-b7cc1f8 elementor-widget elementor-widget-heading\" data-id=\"b7cc1f8\" data-element_type=\"widget\" data-e-type=\"widget\" data-widget_type=\"heading.default\">\n\t\t\t\t<div class=\"elementor-widget-container\">\n\t\t\t\t\t<h2 class=\"elementor-heading-title elementor-size-default\">\u00bfPor qu\u00e9 es una oposici\u00f3n con buenas perspectivas?<\/h2>\t\t\t\t<\/div>\n\t\t\t\t<\/div>\n\t\t\t\t<\/div>\n\t\t\t\t<div class=\"elementor-element elementor-element-08092a8 elementor-widget elementor-widget-text-editor\" data-id=\"08092a8\" data-element_type=\"widget\" data-e-type=\"widget\" data-widget_type=\"text-editor.default\">\n\t\t\t\t<div class=\"elementor-widget-container\">\n\t\t\t\t\t\t\t\t\t<p>Las oposiciones de Gesti\u00f3n Procesal figuran entre las m\u00e1s atractivas dentro del \u00e1mbito de Justicia por la combinaci\u00f3n de estabilidad laboral, responsabilidad profesional y posibilidades de desarrollo.<\/p><p>Al tratarse de un cuerpo del <strong>subgrupo A2<\/strong>, ofrece un nivel retributivo superior al de otros cuerpos generales de Justicia y permite acceder posteriormente a procesos de promoci\u00f3n interna hacia cuerpos de mayor responsabilidad.<\/p><p>Adem\u00e1s, el funcionamiento de juzgados y tribunales depende directamente del trabajo desarrollado por estos profesionales. La creciente digitalizaci\u00f3n, la modernizaci\u00f3n de la oficina judicial y la necesidad de mejorar la eficiencia del sistema hacen que el perfil del Gestor Procesal contin\u00fae siendo <strong>estrat\u00e9gico<\/strong> para la Administraci\u00f3n de Justicia.<\/p><p>Para quienes disfrutan del \u00e1mbito jur\u00eddico y buscan una profesi\u00f3n estable, con posibilidades de movilidad y crecimiento profesional, esta oposici\u00f3n representa una excelente alternativa.<\/p>\t\t\t\t\t\t\t\t<\/div>\n\t\t\t\t<\/div>\n\t\t\t\t\t<\/div>\n\t\t\t\t<\/div>\n\t\t<div class=\"elementor-element elementor-element-4b711ca e-flex e-con-boxed e-con e-parent\" data-id=\"4b711ca\" data-element_type=\"container\" data-e-type=\"container\">\n\t\t\t\t\t<div class=\"e-con-inner\">\n\t\t<div class=\"elementor-element elementor-element-7d2e050 e-con-full e-flex e-con e-child\" data-id=\"7d2e050\" data-element_type=\"container\" data-e-type=\"container\">\n\t\t\t\t<div class=\"elementor-element elementor-element-e876189 elementor-widget-divider--view-line elementor-widget elementor-widget-divider\" data-id=\"e876189\" data-element_type=\"widget\" data-e-type=\"widget\" data-widget_type=\"divider.default\">\n\t\t\t\t<div class=\"elementor-widget-container\">\n\t\t\t\t\t\t\t<div class=\"elementor-divider\">\n\t\t\t<span class=\"elementor-divider-separator\">\n\t\t\t\t\t\t<\/span>\n\t\t<\/div>\n\t\t\t\t\t\t<\/div>\n\t\t\t\t<\/div>\n\t\t\t\t<div class=\"elementor-element elementor-element-e9f7f9a elementor-widget elementor-widget-text-editor\" data-id=\"e9f7f9a\" data-element_type=\"widget\" data-e-type=\"widget\" data-widget_type=\"text-editor.default\">\n\t\t\t\t<div class=\"elementor-widget-container\">\n\t\t\t\t\t\t\t\t\t<p>\u00a0<\/p><p>\ud83d\udcd6 <strong>\u00a1Encuentra el temario perfecto para ti!<\/strong><\/p><p>Nuestros expertos est\u00e1n aqu\u00ed para asesorarte y ayudarte a elegir la opci\u00f3n que mejor se ajusta a tus objetivos. \u2728 <strong>D\u00e9janos guiarte en tu futuro.<\/strong><\/p><p>\u00a0<\/p>\t\t\t\t\t\t\t\t<\/div>\n\t\t\t\t<\/div>\n\t\t\t\t<div class=\"elementor-element elementor-element-7191b43 elementor-align-center elementor-widget elementor-widget-button\" data-id=\"7191b43\" data-element_type=\"widget\" data-e-type=\"widget\" data-widget_type=\"button.default\">\n\t\t\t\t<div class=\"elementor-widget-container\">\n\t\t\t\t\t\t\t\t\t<div class=\"elementor-button-wrapper\">\n\t\t\t\t\t<a class=\"elementor-button elementor-button-link elementor-size-sm\" href=\"https:\/\/api.whatsapp.com\/send?phone=34678491092\" target=\"_blank\">\n\t\t\t\t\t\t<span class=\"elementor-button-content-wrapper\">\n\t\t\t\t\t\t\t\t\t<span class=\"elementor-button-text\">\u00a1Quiero vuestra ayuda!<\/span>\n\t\t\t\t\t<\/span>\n\t\t\t\t\t<\/a>\n\t\t\t\t<\/div>\n\t\t\t\t\t\t\t\t<\/div>\n\t\t\t\t<\/div>\n\t\t\t\t<div class=\"elementor-element elementor-element-75a89e5 elementor-widget-divider--view-line elementor-widget elementor-widget-divider\" data-id=\"75a89e5\" data-element_type=\"widget\" data-e-type=\"widget\" data-widget_type=\"divider.default\">\n\t\t\t\t<div class=\"elementor-widget-container\">\n\t\t\t\t\t\t\t<div class=\"elementor-divider\">\n\t\t\t<span class=\"elementor-divider-separator\">\n\t\t\t\t\t\t<\/span>\n\t\t<\/div>\n\t\t\t\t\t\t<\/div>\n\t\t\t\t<\/div>\n\t\t\t\t<\/div>\n\t\t\t\t\t<\/div>\n\t\t\t\t<\/div>\n\t\t<div class=\"elementor-element elementor-element-a686b3c e-flex e-con-boxed e-con e-parent\" data-id=\"a686b3c\" data-element_type=\"container\" data-e-type=\"container\">\n\t\t\t\t\t<div class=\"e-con-inner\">\n\t\t<div class=\"elementor-element elementor-element-89e5e8c e-con-full e-flex e-con e-child\" data-id=\"89e5e8c\" data-element_type=\"container\" data-e-type=\"container\">\n\t\t\t\t<div class=\"elementor-element elementor-element-1a553df elementor-widget elementor-widget-text-editor\" data-id=\"1a553df\" data-element_type=\"widget\" data-e-type=\"widget\" data-widget_type=\"text-editor.default\">\n\t\t\t\t<div class=\"elementor-widget-container\">\n\t\t\t\t\t\t\t\t\t<p>Las <strong>funciones de Gesti\u00f3n Procesal<\/strong> abarcan mucho m\u00e1s que la simple tramitaci\u00f3n administrativa. Estos funcionarios intervienen activamente en el desarrollo de los procedimientos judiciales, colaboran con jueces y letrados de la Administraci\u00f3n de Justicia, gestionan documentaci\u00f3n procesal, controlan expedientes y contribuyen al correcto funcionamiento de los \u00f3rganos judiciales.<\/p><p>Si est\u00e1s pensando en preparar las oposiciones de Gesti\u00f3n Procesal, contar con un temario actualizado y materiales adaptados a la normativa vigente marcar\u00e1 la diferencia durante tu preparaci\u00f3n. En <a href=\"https:\/\/mad.es\/\" target=\"_blank\" rel=\"noopener\"><strong>MAD Formaci\u00f3n<\/strong><\/a> encontrar\u00e1s temarios completos, test, casos pr\u00e1cticos y recursos dise\u00f1ados para ayudarte a afrontar la oposici\u00f3n con garant\u00edas. Descubre toda la oferta formativa en <a href=\"https:\/\/mad.es\/\" target=\"_blank\" rel=\"noopener\"><strong>mad.es<\/strong><\/a> y comienza hoy mismo a preparar tu futuro en la Administraci\u00f3n de Justicia.<\/p>\t\t\t\t\t\t\t\t<\/div>\n\t\t\t\t<\/div>\n\t\t\t\t<\/div>\n\t\t\t\t\t<\/div>\n\t\t\t\t<\/div>\n\t\t<div class=\"elementor-element elementor-element-7d03c72 e-flex e-con-boxed e-con e-parent\" data-id=\"7d03c72\" data-element_type=\"container\" data-e-type=\"container\">\n\t\t\t\t\t<div class=\"e-con-inner\">\n\t\t\t\t<div class=\"elementor-element elementor-element-d8aeeab elementor-widget elementor-widget-image\" data-id=\"d8aeeab\" data-element_type=\"widget\" data-e-type=\"widget\" data-widget_type=\"image.default\">\n\t\t\t\t<div class=\"elementor-widget-container\">\n\t\t\t\t\t\t\t\t\t\t\t\t\t\t\t\t<a href=\"https:\/\/mad.es\/gestion-procesal-y-administrativa\/31228-curso-mad360-gestion-procesal-libros-papel-2000000078250.html\" target=\"_blank\">\n\t\t\t\t\t\t\t<img fetchpriority=\"high\" decoding=\"async\" width=\"736\" height=\"126\" src=\"https:\/\/mad.es\/blog\/wp-content\/uploads\/2025\/02\/oposiciones-faciles-bachillerato.png\" class=\"attachment-large size-large wp-image-1567\" alt=\"oposiciones m\u00e1s f\u00e1cilles con bachillerato\" srcset=\"https:\/\/mad.es\/blog\/wp-content\/uploads\/2025\/02\/oposiciones-faciles-bachillerato.png 736w, https:\/\/mad.es\/blog\/wp-content\/uploads\/2025\/02\/oposiciones-faciles-bachillerato-300x51.png 300w\" sizes=\"(max-width: 736px) 100vw, 736px\" \/>\t\t\t\t\t\t\t\t<\/a>\n\t\t\t\t\t\t\t\t\t\t\t\t\t\t\t<\/div>\n\t\t\t\t<\/div>\n\t\t\t\t\t<\/div>\n\t\t\t\t<\/div>\n\t\t\t\t<\/div>\n\t\t","protected":false},"excerpt":{"rendered":"<p><span class=\"span-reading-time rt-reading-time\" style=\"display: block;\"><span class=\"rt-label rt-prefix\">Tiempo de lectura:<\/span> <span class=\"rt-time\"> 6<\/span> <span class=\"rt-label rt-postfix\">minutos<\/span><\/span>El Cuerpo de Gesti\u00f3n Procesal y Administrativa desempe\u00f1a un papel esencial en el funcionamiento diario de la Administraci\u00f3n de Justicia. Conocer las funciones de Gesti\u00f3n Procesal resulta fundamental para quienes est\u00e1n valorando preparar esta oposici\u00f3n, ya que permite comprender el nivel de responsabilidad del puesto y el tipo de trabajo que se desarrolla en juzgados [&hellip;]<\/p>\n","protected":false},"author":10,"featured_media":11163,"comment_status":"closed","ping_status":"closed","sticky":false,"template":"","format":"standard","meta":{"footnotes":""},"categories":[27],"tags":[57],"class_list":["post-11162","post","type-post","status-publish","format-standard","has-post-thumbnail","hentry","category-oposiciones-justicia","tag-oposiciones-gestion-procesal"],"yoast_head":"<!-- This site is optimized with the Yoast SEO plugin v28.3 - https:\/\/yoast.com\/product\/yoast-seo-wordpress\/ -->\n<title>Requisitos de Gesti\u00f3n Procesal en 2026: \u00bfcu\u00e1les son?<\/title>\n<meta name=\"description\" content=\"Conocer las funciones de Gesti\u00f3n Procesal resulta fundamental para quienes est\u00e1n valorando preparar esta oposici\u00f3n.\" \/>\n<meta name=\"robots\" content=\"index, follow, max-snippet:-1, max-image-preview:large, max-video-preview:-1\" \/>\n<link rel=\"canonical\" href=\"https:\/\/mad.es\/blog\/funciones-gestion-procesal\/\" \/>\n<meta property=\"og:locale\" content=\"es_ES\" \/>\n<meta property=\"og:type\" content=\"article\" \/>\n<meta property=\"og:title\" content=\"Requisitos de Gesti\u00f3n Procesal en 2026: \u00bfcu\u00e1les son?\" \/>\n<meta property=\"og:description\" content=\"Conocer las funciones de Gesti\u00f3n Procesal resulta fundamental para quienes est\u00e1n valorando preparar esta oposici\u00f3n.\" \/>\n<meta property=\"og:url\" content=\"https:\/\/mad.es\/blog\/funciones-gestion-procesal\/\" \/>\n<meta property=\"og:site_name\" content=\"MAD - Blog\" \/>\n<meta property=\"article:publisher\" content=\"https:\/\/www.facebook.com\/EditorialMAD\" \/>\n<meta property=\"article:published_time\" content=\"2026-08-28T10:59:18+00:00\" \/>\n<meta property=\"article:modified_time\" content=\"2026-08-28T11:58:04+00:00\" \/>\n<meta property=\"og:image\" content=\"https:\/\/mad.es\/blog\/wp-content\/uploads\/2026\/08\/Funciones-Gestion-Procesal.png\" \/>\n\t<meta property=\"og:image:width\" content=\"1920\" \/>\n\t<meta property=\"og:image:height\" content=\"1296\" \/>\n\t<meta property=\"og:image:type\" content=\"image\/png\" \/>\n<meta name=\"author\" content=\"Cristina Santos\" \/>\n<meta name=\"twitter:card\" content=\"summary_large_image\" \/>\n<meta name=\"twitter:creator\" content=\"@EditorialMAD\" \/>\n<meta name=\"twitter:site\" content=\"@EditorialMAD\" \/>\n<meta name=\"twitter:label1\" content=\"Escrito por\" \/>\n\t<meta name=\"twitter:data1\" content=\"Cristina Santos\" \/>\n\t<meta name=\"twitter:label2\" content=\"Tiempo de lectura\" \/>\n\t<meta name=\"twitter:data2\" content=\"8 minutos\" \/>\n<script type=\"application\/ld+json\" class=\"yoast-schema-graph\">{\"@context\":\"https:\\\/\\\/schema.org\",\"@graph\":[{\"@type\":\"Article\",\"@id\":\"https:\\\/\\\/mad.es\\\/blog\\\/funciones-gestion-procesal\\\/#article\",\"isPartOf\":{\"@id\":\"https:\\\/\\\/mad.es\\\/blog\\\/funciones-gestion-procesal\\\/\"},\"author\":{\"name\":\"Cristina Santos\",\"@id\":\"https:\\\/\\\/mad.es\\\/blog\\\/#\\\/schema\\\/person\\\/d40dac62b804d92bd8d1be75abde9dc8\"},\"headline\":\"Funciones de Gesti\u00f3n Procesal: qu\u00e9 hace un Gestor Procesal y cu\u00e1les son sus responsabilidades\",\"datePublished\":\"2026-08-28T10:59:18+00:00\",\"dateModified\":\"2026-08-28T11:58:04+00:00\",\"mainEntityOfPage\":{\"@id\":\"https:\\\/\\\/mad.es\\\/blog\\\/funciones-gestion-procesal\\\/\"},\"wordCount\":1799,\"publisher\":{\"@id\":\"https:\\\/\\\/mad.es\\\/blog\\\/#organization\"},\"image\":{\"@id\":\"https:\\\/\\\/mad.es\\\/blog\\\/funciones-gestion-procesal\\\/#primaryimage\"},\"thumbnailUrl\":\"https:\\\/\\\/mad.es\\\/blog\\\/wp-content\\\/uploads\\\/2026\\\/08\\\/Funciones-Gestion-Procesal.png\",\"keywords\":[\"Oposiciones Gesti\u00f3n Procesal\"],\"articleSection\":[\"Justicia\"],\"inLanguage\":\"es\"},{\"@type\":\"WebPage\",\"@id\":\"https:\\\/\\\/mad.es\\\/blog\\\/funciones-gestion-procesal\\\/\",\"url\":\"https:\\\/\\\/mad.es\\\/blog\\\/funciones-gestion-procesal\\\/\",\"name\":\"Requisitos de Gesti\u00f3n Procesal en 2026: \u00bfcu\u00e1les son?\",\"isPartOf\":{\"@id\":\"https:\\\/\\\/mad.es\\\/blog\\\/#website\"},\"primaryImageOfPage\":{\"@id\":\"https:\\\/\\\/mad.es\\\/blog\\\/funciones-gestion-procesal\\\/#primaryimage\"},\"image\":{\"@id\":\"https:\\\/\\\/mad.es\\\/blog\\\/funciones-gestion-procesal\\\/#primaryimage\"},\"thumbnailUrl\":\"https:\\\/\\\/mad.es\\\/blog\\\/wp-content\\\/uploads\\\/2026\\\/08\\\/Funciones-Gestion-Procesal.png\",\"datePublished\":\"2026-08-28T10:59:18+00:00\",\"dateModified\":\"2026-08-28T11:58:04+00:00\",\"description\":\"Conocer las funciones de Gesti\u00f3n Procesal resulta fundamental para quienes est\u00e1n valorando preparar esta oposici\u00f3n.\",\"breadcrumb\":{\"@id\":\"https:\\\/\\\/mad.es\\\/blog\\\/funciones-gestion-procesal\\\/#breadcrumb\"},\"inLanguage\":\"es\",\"potentialAction\":[{\"@type\":\"ReadAction\",\"target\":[\"https:\\\/\\\/mad.es\\\/blog\\\/funciones-gestion-procesal\\\/\"]}]},{\"@type\":\"ImageObject\",\"inLanguage\":\"es\",\"@id\":\"https:\\\/\\\/mad.es\\\/blog\\\/funciones-gestion-procesal\\\/#primaryimage\",\"url\":\"https:\\\/\\\/mad.es\\\/blog\\\/wp-content\\\/uploads\\\/2026\\\/08\\\/Funciones-Gestion-Procesal.png\",\"contentUrl\":\"https:\\\/\\\/mad.es\\\/blog\\\/wp-content\\\/uploads\\\/2026\\\/08\\\/Funciones-Gestion-Procesal.png\",\"width\":1920,\"height\":1296,\"caption\":\"funciones gesti\u00f3n procesal\"},{\"@type\":\"BreadcrumbList\",\"@id\":\"https:\\\/\\\/mad.es\\\/blog\\\/funciones-gestion-procesal\\\/#breadcrumb\",\"itemListElement\":[{\"@type\":\"ListItem\",\"position\":1,\"name\":\"Portada\",\"item\":\"https:\\\/\\\/mad.es\\\/blog\\\/\"},{\"@type\":\"ListItem\",\"position\":2,\"name\":\"Funciones de Gesti\u00f3n Procesal: qu\u00e9 hace un Gestor Procesal y cu\u00e1les son sus responsabilidades\"}]},{\"@type\":\"WebSite\",\"@id\":\"https:\\\/\\\/mad.es\\\/blog\\\/#website\",\"url\":\"https:\\\/\\\/mad.es\\\/blog\\\/\",\"name\":\"MAD - Blog\",\"description\":\"Informaci\u00f3n actualizada, recursos exclusivos y consejos expertos, todo sobre tu Oposici\u00f3n en un solo lugar\",\"publisher\":{\"@id\":\"https:\\\/\\\/mad.es\\\/blog\\\/#organization\"},\"potentialAction\":[{\"@type\":\"SearchAction\",\"target\":{\"@type\":\"EntryPoint\",\"urlTemplate\":\"https:\\\/\\\/mad.es\\\/blog\\\/?s={search_term_string}\"},\"query-input\":{\"@type\":\"PropertyValueSpecification\",\"valueRequired\":true,\"valueName\":\"search_term_string\"}}],\"inLanguage\":\"es\"},{\"@type\":\"Organization\",\"@id\":\"https:\\\/\\\/mad.es\\\/blog\\\/#organization\",\"name\":\"MAD\",\"url\":\"https:\\\/\\\/mad.es\\\/blog\\\/\",\"logo\":{\"@type\":\"ImageObject\",\"inLanguage\":\"es\",\"@id\":\"https:\\\/\\\/mad.es\\\/blog\\\/#\\\/schema\\\/logo\\\/image\\\/\",\"url\":\"https:\\\/\\\/mad.es\\\/blog\\\/wp-content\\\/uploads\\\/2025\\\/01\\\/logo-mad-azul.svg\",\"contentUrl\":\"https:\\\/\\\/mad.es\\\/blog\\\/wp-content\\\/uploads\\\/2025\\\/01\\\/logo-mad-azul.svg\",\"width\":229,\"height\":73,\"caption\":\"MAD\"},\"image\":{\"@id\":\"https:\\\/\\\/mad.es\\\/blog\\\/#\\\/schema\\\/logo\\\/image\\\/\"},\"sameAs\":[\"https:\\\/\\\/www.facebook.com\\\/EditorialMAD\",\"https:\\\/\\\/x.com\\\/EditorialMAD\",\"https:\\\/\\\/www.instagram.com\\\/editorialmad\\\/\",\"https:\\\/\\\/www.tiktok.com\\\/@editorialmad\"]},{\"@type\":\"Person\",\"@id\":\"https:\\\/\\\/mad.es\\\/blog\\\/#\\\/schema\\\/person\\\/d40dac62b804d92bd8d1be75abde9dc8\",\"name\":\"Cristina Santos\",\"image\":{\"@type\":\"ImageObject\",\"inLanguage\":\"es\",\"@id\":\"https:\\\/\\\/secure.gravatar.com\\\/avatar\\\/9a5a04f52aa91e00514a05bf5005ee01818f715a11e5ae258160f64e05e09687?s=96&d=blank&r=g\",\"url\":\"https:\\\/\\\/secure.gravatar.com\\\/avatar\\\/9a5a04f52aa91e00514a05bf5005ee01818f715a11e5ae258160f64e05e09687?s=96&d=blank&r=g\",\"contentUrl\":\"https:\\\/\\\/secure.gravatar.com\\\/avatar\\\/9a5a04f52aa91e00514a05bf5005ee01818f715a11e5ae258160f64e05e09687?s=96&d=blank&r=g\",\"caption\":\"Cristina Santos\"},\"description\":\"Periodista especializada en oposiciones con m\u00e1s de 20 a\u00f1os de experiencia en medios, entornos digitales y comunicaci\u00f3n corporativa. M\u00e1ster en Periodismo Audiovisual (CES Madrid) y licenciada en Periodismo por la Universidad de Gales. Colaboradora en Canal Sur Radio y miembro del Foro Mujeres Cyber-l\u00edderes de Andaluc\u00eda.\",\"url\":\"https:\\\/\\\/mad.es\\\/blog\\\/author\\\/csantos\\\/\"}]}<\/script>\n<!-- \/ Yoast SEO plugin. -->","yoast_head_json":{"title":"Requisitos de Gesti\u00f3n Procesal en 2026: \u00bfcu\u00e1les son?","description":"Conocer las funciones de Gesti\u00f3n Procesal resulta fundamental para quienes est\u00e1n valorando preparar esta oposici\u00f3n.","robots":{"index":"index","follow":"follow","max-snippet":"max-snippet:-1","max-image-preview":"max-image-preview:large","max-video-preview":"max-video-preview:-1"},"canonical":"https:\/\/mad.es\/blog\/funciones-gestion-procesal\/","og_locale":"es_ES","og_type":"article","og_title":"Requisitos de Gesti\u00f3n Procesal en 2026: \u00bfcu\u00e1les son?","og_description":"Conocer las funciones de Gesti\u00f3n Procesal resulta fundamental para quienes est\u00e1n valorando preparar esta oposici\u00f3n.","og_url":"https:\/\/mad.es\/blog\/funciones-gestion-procesal\/","og_site_name":"MAD - Blog","article_publisher":"https:\/\/www.facebook.com\/EditorialMAD","article_published_time":"2026-08-28T10:59:18+00:00","article_modified_time":"2026-08-28T11:58:04+00:00","og_image":[{"width":1920,"height":1296,"url":"https:\/\/mad.es\/blog\/wp-content\/uploads\/2026\/08\/Funciones-Gestion-Procesal.png","type":"image\/png"}],"author":"Cristina Santos","twitter_card":"summary_large_image","twitter_creator":"@EditorialMAD","twitter_site":"@EditorialMAD","twitter_misc":{"Escrito por":"Cristina Santos","Tiempo de lectura":"8 minutos"},"schema":{"@context":"https:\/\/schema.org","@graph":[{"@type":"Article","@id":"https:\/\/mad.es\/blog\/funciones-gestion-procesal\/#article","isPartOf":{"@id":"https:\/\/mad.es\/blog\/funciones-gestion-procesal\/"},"author":{"name":"Cristina Santos","@id":"https:\/\/mad.es\/blog\/#\/schema\/person\/d40dac62b804d92bd8d1be75abde9dc8"},"headline":"Funciones de Gesti\u00f3n Procesal: qu\u00e9 hace un Gestor Procesal y cu\u00e1les son sus responsabilidades","datePublished":"2026-08-28T10:59:18+00:00","dateModified":"2026-08-28T11:58:04+00:00","mainEntityOfPage":{"@id":"https:\/\/mad.es\/blog\/funciones-gestion-procesal\/"},"wordCount":1799,"publisher":{"@id":"https:\/\/mad.es\/blog\/#organization"},"image":{"@id":"https:\/\/mad.es\/blog\/funciones-gestion-procesal\/#primaryimage"},"thumbnailUrl":"https:\/\/mad.es\/blog\/wp-content\/uploads\/2026\/08\/Funciones-Gestion-Procesal.png","keywords":["Oposiciones Gesti\u00f3n Procesal"],"articleSection":["Justicia"],"inLanguage":"es"},{"@type":"WebPage","@id":"https:\/\/mad.es\/blog\/funciones-gestion-procesal\/","url":"https:\/\/mad.es\/blog\/funciones-gestion-procesal\/","name":"Requisitos de Gesti\u00f3n Procesal en 2026: \u00bfcu\u00e1les son?","isPartOf":{"@id":"https:\/\/mad.es\/blog\/#website"},"primaryImageOfPage":{"@id":"https:\/\/mad.es\/blog\/funciones-gestion-procesal\/#primaryimage"},"image":{"@id":"https:\/\/mad.es\/blog\/funciones-gestion-procesal\/#primaryimage"},"thumbnailUrl":"https:\/\/mad.es\/blog\/wp-content\/uploads\/2026\/08\/Funciones-Gestion-Procesal.png","datePublished":"2026-08-28T10:59:18+00:00","dateModified":"2026-08-28T11:58:04+00:00","description":"Conocer las funciones de Gesti\u00f3n Procesal resulta fundamental para quienes est\u00e1n valorando preparar esta oposici\u00f3n.","breadcrumb":{"@id":"https:\/\/mad.es\/blog\/funciones-gestion-procesal\/#breadcrumb"},"inLanguage":"es","potentialAction":[{"@type":"ReadAction","target":["https:\/\/mad.es\/blog\/funciones-gestion-procesal\/"]}]},{"@type":"ImageObject","inLanguage":"es","@id":"https:\/\/mad.es\/blog\/funciones-gestion-procesal\/#primaryimage","url":"https:\/\/mad.es\/blog\/wp-content\/uploads\/2026\/08\/Funciones-Gestion-Procesal.png","contentUrl":"https:\/\/mad.es\/blog\/wp-content\/uploads\/2026\/08\/Funciones-Gestion-Procesal.png","width":1920,"height":1296,"caption":"funciones gesti\u00f3n procesal"},{"@type":"BreadcrumbList","@id":"https:\/\/mad.es\/blog\/funciones-gestion-procesal\/#breadcrumb","itemListElement":[{"@type":"ListItem","position":1,"name":"Portada","item":"https:\/\/mad.es\/blog\/"},{"@type":"ListItem","position":2,"name":"Funciones de Gesti\u00f3n Procesal: qu\u00e9 hace un Gestor Procesal y cu\u00e1les son sus responsabilidades"}]},{"@type":"WebSite","@id":"https:\/\/mad.es\/blog\/#website","url":"https:\/\/mad.es\/blog\/","name":"MAD - Blog","description":"Informaci\u00f3n actualizada, recursos exclusivos y consejos expertos, todo sobre tu Oposici\u00f3n en un solo lugar","publisher":{"@id":"https:\/\/mad.es\/blog\/#organization"},"potentialAction":[{"@type":"SearchAction","target":{"@type":"EntryPoint","urlTemplate":"https:\/\/mad.es\/blog\/?s={search_term_string}"},"query-input":{"@type":"PropertyValueSpecification","valueRequired":true,"valueName":"search_term_string"}}],"inLanguage":"es"},{"@type":"Organization","@id":"https:\/\/mad.es\/blog\/#organization","name":"MAD","url":"https:\/\/mad.es\/blog\/","logo":{"@type":"ImageObject","inLanguage":"es","@id":"https:\/\/mad.es\/blog\/#\/schema\/logo\/image\/","url":"https:\/\/mad.es\/blog\/wp-content\/uploads\/2025\/01\/logo-mad-azul.svg","contentUrl":"https:\/\/mad.es\/blog\/wp-content\/uploads\/2025\/01\/logo-mad-azul.svg","width":229,"height":73,"caption":"MAD"},"image":{"@id":"https:\/\/mad.es\/blog\/#\/schema\/logo\/image\/"},"sameAs":["https:\/\/www.facebook.com\/EditorialMAD","https:\/\/x.com\/EditorialMAD","https:\/\/www.instagram.com\/editorialmad\/","https:\/\/www.tiktok.com\/@editorialmad"]},{"@type":"Person","@id":"https:\/\/mad.es\/blog\/#\/schema\/person\/d40dac62b804d92bd8d1be75abde9dc8","name":"Cristina Santos","image":{"@type":"ImageObject","inLanguage":"es","@id":"https:\/\/secure.gravatar.com\/avatar\/9a5a04f52aa91e00514a05bf5005ee01818f715a11e5ae258160f64e05e09687?s=96&d=blank&r=g","url":"https:\/\/secure.gravatar.com\/avatar\/9a5a04f52aa91e00514a05bf5005ee01818f715a11e5ae258160f64e05e09687?s=96&d=blank&r=g","contentUrl":"https:\/\/secure.gravatar.com\/avatar\/9a5a04f52aa91e00514a05bf5005ee01818f715a11e5ae258160f64e05e09687?s=96&d=blank&r=g","caption":"Cristina Santos"},"description":"Periodista especializada en oposiciones con m\u00e1s de 20 a\u00f1os de experiencia en medios, entornos digitales y comunicaci\u00f3n corporativa. M\u00e1ster en Periodismo Audiovisual (CES Madrid) y licenciada en Periodismo por la Universidad de Gales. Colaboradora en Canal Sur Radio y miembro del Foro Mujeres Cyber-l\u00edderes de Andaluc\u00eda.","url":"https:\/\/mad.es\/blog\/author\/csantos\/"}]}},"_links":{"self":[{"href":"https:\/\/mad.es\/blog\/wp-json\/wp\/v2\/posts\/11162","targetHints":{"allow":["GET"]}}],"collection":[{"href":"https:\/\/mad.es\/blog\/wp-json\/wp\/v2\/posts"}],"about":[{"href":"https:\/\/mad.es\/blog\/wp-json\/wp\/v2\/types\/post"}],"author":[{"embeddable":true,"href":"https:\/\/mad.es\/blog\/wp-json\/wp\/v2\/users\/10"}],"replies":[{"embeddable":true,"href":"https:\/\/mad.es\/blog\/wp-json\/wp\/v2\/comments?post=11162"}],"version-history":[{"count":109,"href":"https:\/\/mad.es\/blog\/wp-json\/wp\/v2\/posts\/11162\/revisions"}],"predecessor-version":[{"id":11273,"href":"https:\/\/mad.es\/blog\/wp-json\/wp\/v2\/posts\/11162\/revisions\/11273"}],"wp:featuredmedia":[{"embeddable":true,"href":"https:\/\/mad.es\/blog\/wp-json\/wp\/v2\/media\/11163"}],"wp:attachment":[{"href":"https:\/\/mad.es\/blog\/wp-json\/wp\/v2\/media?parent=11162"}],"wp:term":[{"taxonomy":"category","embeddable":true,"href":"https:\/\/mad.es\/blog\/wp-json\/wp\/v2\/categories?post=11162"},{"taxonomy":"post_tag","embeddable":true,"href":"https:\/\/mad.es\/blog\/wp-json\/wp\/v2\/tags?post=11162"}],"curies":[{"name":"wp","href":"https:\/\/api.w.org\/{rel}","templated":true}]}}