{"id":11274,"date":"2026-08-28T13:58:52","date_gmt":"2026-08-28T11:58:52","guid":{"rendered":"https:\/\/mad.es\/blog\/?p=11274"},"modified":"2026-08-28T14:25:52","modified_gmt":"2026-08-28T12:25:52","slug":"promocion-interna-gestion-procesal","status":"publish","type":"post","link":"https:\/\/mad.es\/blog\/promocion-interna-gestion-procesal\/","title":{"rendered":"Gesti\u00f3n Procesal por promoci\u00f3n interna: requisitos, examen, m\u00e9ritos y claves para ascender"},"content":{"rendered":"<span class=\"span-reading-time rt-reading-time\" style=\"display: block;\"><span class=\"rt-label rt-prefix\">Tiempo de lectura:<\/span> <span class=\"rt-time\"> 6<\/span> <span class=\"rt-label rt-postfix\">minutos<\/span><\/span>\t\t<div data-elementor-type=\"wp-post\" data-elementor-id=\"11274\" class=\"elementor elementor-11274\" data-elementor-post-type=\"post\">\n\t\t\t\t<div class=\"elementor-element elementor-element-2583e8c e-flex e-con-boxed e-con e-parent\" data-id=\"2583e8c\" data-element_type=\"container\" data-e-type=\"container\">\n\t\t\t\t\t<div class=\"e-con-inner\">\n\t\t<div class=\"elementor-element elementor-element-d6c1e47 e-con-full e-flex e-con e-child\" data-id=\"d6c1e47\" data-element_type=\"container\" data-e-type=\"container\">\n\t\t\t\t<div class=\"elementor-element elementor-element-5a43f63 elementor-widget elementor-widget-text-editor\" data-id=\"5a43f63\" data-element_type=\"widget\" data-e-type=\"widget\" data-widget_type=\"text-editor.default\">\n\t\t\t\t<div class=\"elementor-widget-container\">\n\t\t\t\t\t\t\t\t\t<div class=\"elementor-element elementor-element-69a7f0a elementor-widget elementor-widget-text-editor\" data-id=\"69a7f0a\" data-element_type=\"widget\" data-widget_type=\"text-editor.default\"><div class=\"elementor-widget-container\"><p>La <strong><a href=\"https:\/\/mad.es\/blog\/funciones-gestion-procesal\/\" target=\"_blank\" rel=\"noopener\">Gesti\u00f3n Procesal<\/a> por promoci\u00f3n interna<\/strong> es la v\u00eda de progresi\u00f3n profesional destinada a los funcionarios de carrera del Cuerpo de Tramitaci\u00f3n Procesal y Administrativa que quieren acceder al subgrupo A2. Para quien ya trabaja en un juzgado, una fiscal\u00eda u otro destino de la <a href=\"https:\/\/www.administraciondejusticia.gob.es\/\" target=\"_blank\" rel=\"noopener\"><strong>Administraci\u00f3n de Justicia<\/strong><\/a>, la decisi\u00f3n consiste en valorar si el cambio de cuerpo compensa, y c\u00f3mo afrontar una preparaci\u00f3n compatible con la jornada laboral.<\/p><p>Antes de preparar la <strong>Gesti\u00f3n Procesal por promoci\u00f3n interna<\/strong>, conviene conocer qu\u00e9 funciones cambian, qu\u00e9 requisitos se exigen, c\u00f3mo es el examen vigente y cu\u00e1nto peso tiene la experiencia acumulada. La convocatoria publicada el 2 de enero de 2026 ofrece una referencia especialmente \u00fatil, ya que incorpora 363 plazas y establece un ejercicio \u00fanico tipo test seguido de una fase de concurso con hasta 65 puntos por m\u00e9ritos.<\/p><\/div><\/div>\t\t\t\t\t\t\t\t<\/div>\n\t\t\t\t<\/div>\n\t\t\t\t<\/div>\n\t\t\t\t\t<\/div>\n\t\t\t\t<\/div>\n\t\t<div class=\"elementor-element elementor-element-b74ff3c e-flex e-con-boxed e-con e-parent\" data-id=\"b74ff3c\" data-element_type=\"container\" data-e-type=\"container\">\n\t\t\t\t\t<div class=\"e-con-inner\">\n\t\t\t\t<div class=\"elementor-element elementor-element-69bd792 elementor-toc--minimized-on-tablet elementor-widget elementor-widget-table-of-contents\" data-id=\"69bd792\" data-element_type=\"widget\" data-e-type=\"widget\" data-settings=\"{&quot;headings_by_tags&quot;:[&quot;h2&quot;,&quot;h3&quot;],&quot;exclude_headings_by_selector&quot;:[],&quot;no_headings_message&quot;:&quot;No se ha encontrado ning\\u00fan encabezado en esta p\\u00e1gina.&quot;,&quot;marker_view&quot;:&quot;numbers&quot;,&quot;minimize_box&quot;:&quot;yes&quot;,&quot;minimized_on&quot;:&quot;tablet&quot;,&quot;hierarchical_view&quot;:&quot;yes&quot;,&quot;min_height&quot;:{&quot;unit&quot;:&quot;px&quot;,&quot;size&quot;:&quot;&quot;,&quot;sizes&quot;:[]},&quot;min_height_tablet&quot;:{&quot;unit&quot;:&quot;px&quot;,&quot;size&quot;:&quot;&quot;,&quot;sizes&quot;:[]},&quot;min_height_mobile&quot;:{&quot;unit&quot;:&quot;px&quot;,&quot;size&quot;:&quot;&quot;,&quot;sizes&quot;:[]}}\" data-widget_type=\"table-of-contents.default\">\n\t\t\t\t<div class=\"elementor-widget-container\">\n\t\t\t\t\t\t\t\t\t<div class=\"elementor-toc__header\">\n\t\t\t\t\t\t<div class=\"elementor-toc__header-title\">\n\t\t\t\tTabla de contenidos\t\t\t<\/div>\n\t\t\t\t\t\t\t\t\t\t<div class=\"elementor-toc__toggle-button elementor-toc__toggle-button--expand\" role=\"button\" tabindex=\"0\" aria-controls=\"elementor-toc__69bd792\" aria-expanded=\"true\" aria-label=\"Abrir la tabla de contenidos\"><svg aria-hidden=\"true\" class=\"e-font-icon-svg e-fas-chevron-down\" viewBox=\"0 0 448 512\" xmlns=\"http:\/\/www.w3.org\/2000\/svg\"><path d=\"M207.029 381.476L12.686 187.132c-9.373-9.373-9.373-24.569 0-33.941l22.667-22.667c9.357-9.357 24.522-9.375 33.901-.04L224 284.505l154.745-154.021c9.379-9.335 24.544-9.317 33.901.04l22.667 22.667c9.373 9.373 9.373 24.569 0 33.941L240.971 381.476c-9.373 9.372-24.569 9.372-33.942 0z\"><\/path><\/svg><\/div>\n\t\t\t\t<div class=\"elementor-toc__toggle-button elementor-toc__toggle-button--collapse\" role=\"button\" tabindex=\"0\" aria-controls=\"elementor-toc__69bd792\" aria-expanded=\"true\" aria-label=\"Cerrar la tabla de contenidos\"><svg aria-hidden=\"true\" class=\"e-font-icon-svg e-fas-chevron-up\" viewBox=\"0 0 448 512\" xmlns=\"http:\/\/www.w3.org\/2000\/svg\"><path d=\"M240.971 130.524l194.343 194.343c9.373 9.373 9.373 24.569 0 33.941l-22.667 22.667c-9.357 9.357-24.522 9.375-33.901.04L224 227.495 69.255 381.516c-9.379 9.335-24.544 9.317-33.901-.04l-22.667-22.667c-9.373-9.373-9.373-24.569 0-33.941L207.03 130.525c9.372-9.373 24.568-9.373 33.941-.001z\"><\/path><\/svg><\/div>\n\t\t\t\t\t<\/div>\n\t\t\t\t<div id=\"elementor-toc__69bd792\" class=\"elementor-toc__body\">\n\t\t\t<div class=\"elementor-toc__spinner-container\">\n\t\t\t\t<svg class=\"elementor-toc__spinner eicon-animation-spin e-font-icon-svg e-eicon-loading\" aria-hidden=\"true\" viewBox=\"0 0 1000 1000\" xmlns=\"http:\/\/www.w3.org\/2000\/svg\"><path d=\"M500 975V858C696 858 858 696 858 500S696 142 500 142 142 304 142 500H25C25 237 238 25 500 25S975 237 975 500 763 975 500 975Z\"><\/path><\/svg>\t\t\t<\/div>\n\t\t<\/div>\n\t\t\t\t\t\t<\/div>\n\t\t\t\t<\/div>\n\t\t\t\t<div class=\"elementor-element elementor-element-9392785 elementor-widget elementor-widget-spacer\" data-id=\"9392785\" data-element_type=\"widget\" data-e-type=\"widget\" data-widget_type=\"spacer.default\">\n\t\t\t\t<div class=\"elementor-widget-container\">\n\t\t\t\t\t\t\t<div class=\"elementor-spacer\">\n\t\t\t<div class=\"elementor-spacer-inner\"><\/div>\n\t\t<\/div>\n\t\t\t\t\t\t<\/div>\n\t\t\t\t<\/div>\n\t\t\t\t\t<\/div>\n\t\t\t\t<\/div>\n\t\t<div class=\"elementor-element elementor-element-41c1492 e-flex e-con-boxed e-con e-parent\" data-id=\"41c1492\" data-element_type=\"container\" data-e-type=\"container\">\n\t\t\t\t\t<div class=\"e-con-inner\">\n\t\t<div class=\"elementor-element elementor-element-be09616 e-con-full e-flex e-con e-child\" data-id=\"be09616\" data-element_type=\"container\" data-e-type=\"container\">\n\t\t\t\t<div class=\"elementor-element elementor-element-68736dd elementor-widget elementor-widget-heading\" data-id=\"68736dd\" data-element_type=\"widget\" data-e-type=\"widget\" data-widget_type=\"heading.default\">\n\t\t\t\t<div class=\"elementor-widget-container\">\n\t\t\t\t\t<h2 class=\"elementor-heading-title elementor-size-default\">\u00bfMerece la pena promocionar de Tramitaci\u00f3n a Gesti\u00f3n Procesal?<\/h2>\t\t\t\t<\/div>\n\t\t\t\t<\/div>\n\t\t\t\t<div class=\"elementor-element elementor-element-3bf8c6d elementor-widget elementor-widget-text-editor\" data-id=\"3bf8c6d\" data-element_type=\"widget\" data-e-type=\"widget\" data-widget_type=\"text-editor.default\">\n\t\t\t\t<div class=\"elementor-widget-container\">\n\t\t\t\t\t\t\t\t\t<div class=\"elementor-element elementor-element-69a7f0a elementor-widget elementor-widget-text-editor\" data-id=\"69a7f0a\" data-element_type=\"widget\" data-widget_type=\"text-editor.default\"><div class=\"elementor-widget-container\"><p>Para la mayor\u00eda de funcionarios de Tramitaci\u00f3n Procesal, la respuesta es s\u00ed. La promoci\u00f3n interna permite <strong>acceder al subgrupo A2<\/strong> sin abandonar la Administraci\u00f3n de Justicia, y con un proceso selectivo pensado para quienes ya conocen el funcionamiento de los \u00f3rganos judiciales.<\/p><p>La principal diferencia respecto al cuerpo de Tramitaci\u00f3n Procesal no es \u00fanicamente el salario. En t\u00e9rminos generales, el <a href=\"https:\/\/mad.es\/blog\/requisitos-de-gestion-procesal\/\" target=\"_blank\" rel=\"noopener\"><strong>Cuerpo de Gesti\u00f3n Procesal<\/strong><\/a> y Administrativa <strong>desarrolla una actividad procesal de nivel superior<\/strong>. El gestor participa en la tramitaci\u00f3n de procedimientos, documenta determinadas actuaciones, puede practicar comparecencias y asumir tareas que requieren mayor cualificaci\u00f3n jur\u00eddica. Adem\u00e1s, puede colaborar en la gesti\u00f3n de medios personales y materiales de la unidad cuando el puesto asignado as\u00ed lo contemple.<\/p><\/div><\/div>\t\t\t\t\t\t\t\t<\/div>\n\t\t\t\t<\/div>\n\t\t\t\t<\/div>\n\t\t\t\t\t<\/div>\n\t\t\t\t<\/div>\n\t\t<div class=\"elementor-element elementor-element-fb508d6 e-flex e-con-boxed e-con e-parent\" data-id=\"fb508d6\" data-element_type=\"container\" data-e-type=\"container\">\n\t\t\t\t\t<div class=\"e-con-inner\">\n\t\t\t\t<div class=\"elementor-element elementor-element-8dba59d elementor-widget-divider--view-line elementor-widget elementor-widget-divider\" data-id=\"8dba59d\" data-element_type=\"widget\" data-e-type=\"widget\" data-widget_type=\"divider.default\">\n\t\t\t\t<div class=\"elementor-widget-container\">\n\t\t\t\t\t\t\t<div class=\"elementor-divider\">\n\t\t\t<span class=\"elementor-divider-separator\">\n\t\t\t\t\t\t<\/span>\n\t\t<\/div>\n\t\t\t\t\t\t<\/div>\n\t\t\t\t<\/div>\n\t\t\t\t<div class=\"elementor-element elementor-element-c502f4f elementor-widget elementor-widget-text-editor\" data-id=\"c502f4f\" data-element_type=\"widget\" data-e-type=\"widget\" data-widget_type=\"text-editor.default\">\n\t\t\t\t<div class=\"elementor-widget-container\">\n\t\t\t\t\t\t\t\t\t<h4><br \/><strong>\ud83d\udca1 C\u00f3mo te ayudamos a alcanzar tu plaza:<\/strong><\/h4><hr \/><p>\ud83d\udda5\ufe0f <strong>Acceso Multiplataforma<\/strong><br \/>Estudia desde tu ordenador, tablet o m\u00f3vil, sin l\u00edmites.<\/p><hr \/><p>\ud83d\udcda <strong>Material Premium<\/strong><br \/>Temarios explicados al detalle y siempre actualizados.<\/p><hr \/><p>\ud83c\udfaf <strong>Pr\u00e1ctica Dirigida<\/strong><br \/>Simulacros de examen adaptados a tus necesidades.<\/p><hr \/><p>\ud83d\udc69\u200d\ud83c\udfeb <strong>Acompa\u00f1amiento Total<\/strong><br \/>Un mentor estar\u00e1 contigo en cada etapa de tu preparaci\u00f3n.<\/p>\t\t\t\t\t\t\t\t<\/div>\n\t\t\t\t<\/div>\n\t\t\t\t<div class=\"elementor-element elementor-element-d50023a elementor-align-center elementor-widget elementor-widget-button\" data-id=\"d50023a\" data-element_type=\"widget\" data-e-type=\"widget\" data-widget_type=\"button.default\">\n\t\t\t\t<div class=\"elementor-widget-container\">\n\t\t\t\t\t\t\t\t\t<div class=\"elementor-button-wrapper\">\n\t\t\t\t\t<a class=\"elementor-button elementor-button-link elementor-size-sm\" href=\"https:\/\/mad.es\/informacion\/mad360\" target=\"_blank\">\n\t\t\t\t\t\t<span class=\"elementor-button-content-wrapper\">\n\t\t\t\t\t\t\t\t\t<span class=\"elementor-button-text\">\u00a1Probar gratis!<\/span>\n\t\t\t\t\t<\/span>\n\t\t\t\t\t<\/a>\n\t\t\t\t<\/div>\n\t\t\t\t\t\t\t\t<\/div>\n\t\t\t\t<\/div>\n\t\t\t\t<div class=\"elementor-element elementor-element-f7bd6ac elementor-widget-divider--view-line elementor-widget elementor-widget-divider\" data-id=\"f7bd6ac\" data-element_type=\"widget\" data-e-type=\"widget\" data-widget_type=\"divider.default\">\n\t\t\t\t<div class=\"elementor-widget-container\">\n\t\t\t\t\t\t\t<div class=\"elementor-divider\">\n\t\t\t<span class=\"elementor-divider-separator\">\n\t\t\t\t\t\t<\/span>\n\t\t<\/div>\n\t\t\t\t\t\t<\/div>\n\t\t\t\t<\/div>\n\t\t\t\t\t<\/div>\n\t\t\t\t<\/div>\n\t\t<div class=\"elementor-element elementor-element-7e5d730 e-flex e-con-boxed e-con e-parent\" data-id=\"7e5d730\" data-element_type=\"container\" data-e-type=\"container\">\n\t\t\t\t\t<div class=\"e-con-inner\">\n\t\t<div class=\"elementor-element elementor-element-4dda190 e-con-full e-flex e-con e-child\" data-id=\"4dda190\" data-element_type=\"container\" data-e-type=\"container\">\n\t\t\t\t<div class=\"elementor-element elementor-element-649dd65 elementor-widget elementor-widget-heading\" data-id=\"649dd65\" data-element_type=\"widget\" data-e-type=\"widget\" data-widget_type=\"heading.default\">\n\t\t\t\t<div class=\"elementor-widget-container\">\n\t\t\t\t\t<h2 class=\"elementor-heading-title elementor-size-default\">Salario de un Gestor Procesal por promoci\u00f3n interna<\/h2>\t\t\t\t<\/div>\n\t\t\t\t<\/div>\n\t\t\t\t<div class=\"elementor-element elementor-element-7b78788 elementor-widget elementor-widget-text-editor\" data-id=\"7b78788\" data-element_type=\"widget\" data-e-type=\"widget\" data-widget_type=\"text-editor.default\">\n\t\t\t\t<div class=\"elementor-widget-container\">\n\t\t\t\t\t\t\t\t\t<div class=\"elementor-element elementor-element-69a7f0a elementor-widget elementor-widget-text-editor\" data-id=\"69a7f0a\" data-element_type=\"widget\" data-widget_type=\"text-editor.default\"><div class=\"elementor-widget-container\"><p>El salario final depende del destino, los complementos espec\u00edficos, las guardias y la comunidad aut\u00f3noma, por lo que no existe una cifra \u00fanica.<\/p><p>Con car\u00e1cter general, un Gestor Procesal suele percibir entre <strong>2.000 y 2.700 euros brutos mensuales<\/strong>, pudiendo superar esas cantidades en determinados destinos con mayores complementos.<\/p><p>Respecto a Tramitaci\u00f3n Procesal, el incremento salarial suele situarse aproximadamente entre <strong>250 y 500 euros brutos mensuales<\/strong>, aunque puede ser superior dependiendo del puesto ocupado.<\/p><p>La mejora econ\u00f3mica viene motivada por varios factores:<\/p><ul><li>Incremento del sueldo base al pertenecer al subgrupo A2.<\/li><li>Aumento del complemento general del puesto.<\/li><li>Mejora del complemento espec\u00edfico en numerosos destinos.<\/li><li>Incremento de trienios futuros al consolidarse en un cuerpo superior.<\/li><\/ul><p>Desde una perspectiva de carrera profesional, el ascenso suele amortizar ampliamente el esfuerzo de la preparaci\u00f3n, especialmente teniendo en cuenta que el incremento retributivo se mantiene durante toda la vida administrativa.<\/p><\/div><\/div>\t\t\t\t\t\t\t\t<\/div>\n\t\t\t\t<\/div>\n\t\t\t\t<\/div>\n\t\t\t\t\t<\/div>\n\t\t\t\t<\/div>\n\t\t<div class=\"elementor-element elementor-element-a3530a0 e-flex e-con-boxed e-con e-parent\" data-id=\"a3530a0\" data-element_type=\"container\" data-e-type=\"container\">\n\t\t\t\t\t<div class=\"e-con-inner\">\n\t\t<div class=\"elementor-element elementor-element-45f6e04 e-con-full e-flex e-con e-child\" data-id=\"45f6e04\" data-element_type=\"container\" data-e-type=\"container\">\n\t\t\t\t<div class=\"elementor-element elementor-element-a638208 elementor-widget elementor-widget-heading\" data-id=\"a638208\" data-element_type=\"widget\" data-e-type=\"widget\" data-widget_type=\"heading.default\">\n\t\t\t\t<div class=\"elementor-widget-container\">\n\t\t\t\t\t<h3 class=\"elementor-heading-title elementor-size-default\">Requisitos para presentarse por promoci\u00f3n interna<\/h3>\t\t\t\t<\/div>\n\t\t\t\t<\/div>\n\t\t\t\t<div class=\"elementor-element elementor-element-88a96a4 elementor-widget elementor-widget-text-editor\" data-id=\"88a96a4\" data-element_type=\"widget\" data-e-type=\"widget\" data-widget_type=\"text-editor.default\">\n\t\t\t\t<div class=\"elementor-widget-container\">\n\t\t\t\t\t\t\t\t\t<div class=\"elementor-element elementor-element-69a7f0a elementor-widget elementor-widget-text-editor\" data-id=\"69a7f0a\" data-element_type=\"widget\" data-widget_type=\"text-editor.default\"><div class=\"elementor-widget-container\"><p>Los requisitos vienen establecidos en cada convocatoria oficial. Actualmente es necesario reunir, entre otros, los siguientes:<\/p><ul><li>Tener la nacionalidad espa\u00f1ola.<\/li><li>Ser funcionario de carrera del Cuerpo de Tramitaci\u00f3n Procesal y Administrativa.<\/li><li>Haber prestado <strong>al menos dos a\u00f1os de servicios efectivos<\/strong> como funcionario de carrera en dicho cuerpo o en otro del mismo subgrupo o inferior.<\/li><li>Estar en posesi\u00f3n del t\u00edtulo de <strong>Grado, Diplomatura Universitaria, Ingenier\u00eda T\u00e9cnica, Arquitectura T\u00e9cnica o equivalente<\/strong>.<\/li><\/ul><p>Esto significa que quienes poseen una antigua diplomatura universitaria pueden presentarse sin necesidad de obtener un grado, siempre que la titulaci\u00f3n tenga la consideraci\u00f3n de equivalente a efectos de acceso al empleo p\u00fablico.<\/p><\/div><\/div>\t\t\t\t\t\t\t\t<\/div>\n\t\t\t\t<\/div>\n\t\t\t\t<\/div>\n\t\t\t\t\t<\/div>\n\t\t\t\t<\/div>\n\t\t<div class=\"elementor-element elementor-element-706f0b2 e-flex e-con-boxed e-con e-parent\" data-id=\"706f0b2\" data-element_type=\"container\" data-e-type=\"container\">\n\t\t\t\t\t<div class=\"e-con-inner\">\n\t\t<div class=\"elementor-element elementor-element-95aef3f e-con-full e-flex e-con e-child\" data-id=\"95aef3f\" data-element_type=\"container\" data-e-type=\"container\">\n\t\t\t\t<div class=\"elementor-element elementor-element-c19f62a elementor-widget-divider--view-line elementor-widget elementor-widget-divider\" data-id=\"c19f62a\" data-element_type=\"widget\" data-e-type=\"widget\" data-widget_type=\"divider.default\">\n\t\t\t\t<div class=\"elementor-widget-container\">\n\t\t\t\t\t\t\t<div class=\"elementor-divider\">\n\t\t\t<span class=\"elementor-divider-separator\">\n\t\t\t\t\t\t<\/span>\n\t\t<\/div>\n\t\t\t\t\t\t<\/div>\n\t\t\t\t<\/div>\n\t\t\t\t<div class=\"elementor-element elementor-element-253831b elementor-widget elementor-widget-text-editor\" data-id=\"253831b\" data-element_type=\"widget\" data-e-type=\"widget\" data-widget_type=\"text-editor.default\">\n\t\t\t\t<div class=\"elementor-widget-container\">\n\t\t\t\t\t\t\t\t\t<p>\u00a0<\/p><p>\ud83c\udf93 <strong>\u00bfHas estudiado Derecho?<\/strong> \u2696\ufe0f Descubre qu\u00e9 oposiciones puedes preparar con tu titulaci\u00f3n y cu\u00e1l encaja mejor con tu perfil.<\/p><p>\u00a0<\/p>\t\t\t\t\t\t\t\t<\/div>\n\t\t\t\t<\/div>\n\t\t\t\t<div class=\"elementor-element elementor-element-ba06867 elementor-align-center elementor-widget elementor-widget-button\" data-id=\"ba06867\" data-element_type=\"widget\" data-e-type=\"widget\" data-widget_type=\"button.default\">\n\t\t\t\t<div class=\"elementor-widget-container\">\n\t\t\t\t\t\t\t\t\t<div class=\"elementor-button-wrapper\">\n\t\t\t\t\t<a class=\"elementor-button elementor-button-link elementor-size-sm\" href=\"https:\/\/mad.es\/blog\/oposiciones-derecho\/\" target=\"_blank\">\n\t\t\t\t\t\t<span class=\"elementor-button-content-wrapper\">\n\t\t\t\t\t\t\t\t\t<span class=\"elementor-button-text\">Oposiciones con derecho<\/span>\n\t\t\t\t\t<\/span>\n\t\t\t\t\t<\/a>\n\t\t\t\t<\/div>\n\t\t\t\t\t\t\t\t<\/div>\n\t\t\t\t<\/div>\n\t\t\t\t<div class=\"elementor-element elementor-element-bdf66d3 elementor-widget-divider--view-line elementor-widget elementor-widget-divider\" data-id=\"bdf66d3\" data-element_type=\"widget\" data-e-type=\"widget\" data-widget_type=\"divider.default\">\n\t\t\t\t<div class=\"elementor-widget-container\">\n\t\t\t\t\t\t\t<div class=\"elementor-divider\">\n\t\t\t<span class=\"elementor-divider-separator\">\n\t\t\t\t\t\t<\/span>\n\t\t<\/div>\n\t\t\t\t\t\t<\/div>\n\t\t\t\t<\/div>\n\t\t\t\t<\/div>\n\t\t\t\t\t<\/div>\n\t\t\t\t<\/div>\n\t\t<div class=\"elementor-element elementor-element-d1441a8 e-flex e-con-boxed e-con e-parent\" data-id=\"d1441a8\" data-element_type=\"container\" data-e-type=\"container\">\n\t\t\t\t\t<div class=\"e-con-inner\">\n\t\t\t\t<div class=\"elementor-element elementor-element-03a1494 elementor-widget elementor-widget-spacer\" data-id=\"03a1494\" data-element_type=\"widget\" data-e-type=\"widget\" data-widget_type=\"spacer.default\">\n\t\t\t\t<div class=\"elementor-widget-container\">\n\t\t\t\t\t\t\t<div class=\"elementor-spacer\">\n\t\t\t<div class=\"elementor-spacer-inner\"><\/div>\n\t\t<\/div>\n\t\t\t\t\t\t<\/div>\n\t\t\t\t<\/div>\n\t\t\t\t<div class=\"elementor-element elementor-element-ed08c7d elementor-widget elementor-widget-video\" data-id=\"ed08c7d\" data-element_type=\"widget\" data-e-type=\"widget\" data-settings=\"{&quot;youtube_url&quot;:&quot;https:\\\/\\\/www.youtube.com\\\/watch?v=fRkBwkuKPyQ&quot;,&quot;video_type&quot;:&quot;youtube&quot;,&quot;controls&quot;:&quot;yes&quot;}\" data-widget_type=\"video.default\">\n\t\t\t\t<div class=\"elementor-widget-container\">\n\t\t\t\t\t\t\t<div class=\"elementor-wrapper elementor-open-inline\">\n\t\t\t<div class=\"elementor-video\"><\/div>\t\t<\/div>\n\t\t\t\t\t\t<\/div>\n\t\t\t\t<\/div>\n\t\t\t\t<div class=\"elementor-element elementor-element-9367498 elementor-widget elementor-widget-spacer\" data-id=\"9367498\" data-element_type=\"widget\" data-e-type=\"widget\" data-widget_type=\"spacer.default\">\n\t\t\t\t<div class=\"elementor-widget-container\">\n\t\t\t\t\t\t\t<div class=\"elementor-spacer\">\n\t\t\t<div class=\"elementor-spacer-inner\"><\/div>\n\t\t<\/div>\n\t\t\t\t\t\t<\/div>\n\t\t\t\t<\/div>\n\t\t\t\t\t<\/div>\n\t\t\t\t<\/div>\n\t\t<div class=\"elementor-element elementor-element-ab055c2 e-flex e-con-boxed e-con e-parent\" data-id=\"ab055c2\" data-element_type=\"container\" data-e-type=\"container\">\n\t\t\t\t\t<div class=\"e-con-inner\">\n\t\t<div class=\"elementor-element elementor-element-d73b5a1 e-con-full e-flex e-con e-child\" data-id=\"d73b5a1\" data-element_type=\"container\" data-e-type=\"container\">\n\t\t\t\t<div class=\"elementor-element elementor-element-3c95ce3 elementor-widget elementor-widget-heading\" data-id=\"3c95ce3\" data-element_type=\"widget\" data-e-type=\"widget\" data-widget_type=\"heading.default\">\n\t\t\t\t<div class=\"elementor-widget-container\">\n\t\t\t\t\t<h3 class=\"elementor-heading-title elementor-size-default\">\u00bfCu\u00e1ntas plazas suelen salir por promoci\u00f3n interna?<\/h3>\t\t\t\t<\/div>\n\t\t\t\t<\/div>\n\t\t\t\t<div class=\"elementor-element elementor-element-77f75a0 elementor-widget elementor-widget-text-editor\" data-id=\"77f75a0\" data-element_type=\"widget\" data-e-type=\"widget\" data-widget_type=\"text-editor.default\">\n\t\t\t\t<div class=\"elementor-widget-container\">\n\t\t\t\t\t\t\t\t\t<div class=\"elementor-element elementor-element-69a7f0a elementor-widget elementor-widget-text-editor\" data-id=\"69a7f0a\" data-element_type=\"widget\" data-widget_type=\"text-editor.default\"><div class=\"elementor-widget-container\"><p>Las plazas de <a href=\"https:\/\/mad.es\/blog\/nota-de-corte-gestion-procesal\/\" target=\"_blank\" rel=\"noopener\"><strong>Gesti\u00f3n Procesal<\/strong> <\/a>por promoci\u00f3n interna se convocan en un proceso distinto al del turno libre. Esto significa que los funcionarios que acceden desde el Cuerpo de Tramitaci\u00f3n Procesal y Administrativa no compiten directamente con quienes intentan entrar por primera vez en la Administraci\u00f3n de Justicia, sino \u00fanicamente con otros funcionarios que re\u00fanen los requisitos para promocionar.<\/p><p>No existe una obligaci\u00f3n legal de convocar plazas todos los a\u00f1os, pero en las \u00faltimas Ofertas de Empleo P\u00fablico se han incluido de forma habitual vacantes destinadas a esta v\u00eda de acceso.<\/p><p>Estas plazas se distribuyen entre distintos \u00e1mbitos territoriales, y cada aspirante solo puede concurrir por uno de ellos. Por tanto, al presentar la solicitud conviene valorar tanto el n\u00famero de vacantes disponibles <strong>como la posibilidad real de obtener destino y permanecer en ese territorio<\/strong>, ya que las plazas desiertas de un \u00e1mbito no se trasladan a otro.<\/p><\/div><\/div>\t\t\t\t\t\t\t\t<\/div>\n\t\t\t\t<\/div>\n\t\t\t\t<\/div>\n\t\t\t\t\t<\/div>\n\t\t\t\t<\/div>\n\t\t<div class=\"elementor-element elementor-element-b938f96 e-flex e-con-boxed e-con e-parent\" data-id=\"b938f96\" data-element_type=\"container\" data-e-type=\"container\">\n\t\t\t\t\t<div class=\"e-con-inner\">\n\t\t<div class=\"elementor-element elementor-element-251f96b e-con-full e-flex e-con e-child\" data-id=\"251f96b\" data-element_type=\"container\" data-e-type=\"container\">\n\t\t\t\t<div class=\"elementor-element elementor-element-fcc6856 elementor-widget elementor-widget-heading\" data-id=\"fcc6856\" data-element_type=\"widget\" data-e-type=\"widget\" data-widget_type=\"heading.default\">\n\t\t\t\t<div class=\"elementor-widget-container\">\n\t\t\t\t\t<h3 class=\"elementor-heading-title elementor-size-default\">\u00bfC\u00f3mo es el examen de Gesti\u00f3n Procesal por promoci\u00f3n interna?<\/h3>\t\t\t\t<\/div>\n\t\t\t\t<\/div>\n\t\t\t\t<div class=\"elementor-element elementor-element-70eb63c elementor-widget elementor-widget-text-editor\" data-id=\"70eb63c\" data-element_type=\"widget\" data-e-type=\"widget\" data-widget_type=\"text-editor.default\">\n\t\t\t\t<div class=\"elementor-widget-container\">\n\t\t\t\t\t\t\t\t\t<div class=\"elementor-element elementor-element-69a7f0a elementor-widget elementor-widget-text-editor\" data-id=\"69a7f0a\" data-element_type=\"widget\" data-widget_type=\"text-editor.default\"><div class=\"elementor-widget-container\"><p>Actualmente, la fase de oposici\u00f3n consiste en <strong>un \u00fanico ejercicio tipo test<\/strong>, eliminatorio, compuesto por <strong>100 preguntas con cuatro respuestas alternativas<\/strong>, adem\u00e1s de cuatro preguntas de reserva. El tiempo disponible es de <strong>100 minutos<\/strong> y cada error penaliza 0,25 puntos. Es necesario alcanzar al menos 50 puntos para superar la oposici\u00f3n.<\/p><p>Esta estructura obliga a <strong>preparar conjuntamente teor\u00eda y aplicaci\u00f3n procesal<\/strong>. Ya no resulta suficiente memorizar art\u00edculos de forma aislada, porque una pregunta puede presentar una situaci\u00f3n y exigir identificar el tr\u00e1mite, el \u00f3rgano competente, el plazo o la resoluci\u00f3n procedente.<\/p><p>Una vez aprobada la oposici\u00f3n comienza <strong>la fase de concurso<\/strong>, donde se valoran los m\u00e9ritos profesionales, cursos de formaci\u00f3n, conocimientos jur\u00eddicos e inform\u00e1ticos, idiomas y ex\u00e1menes superados en convocatorias anteriores.<\/p><\/div><\/div>\t\t\t\t\t\t\t\t<\/div>\n\t\t\t\t<\/div>\n\t\t\t\t<\/div>\n\t\t\t\t\t<\/div>\n\t\t\t\t<\/div>\n\t\t<div class=\"elementor-element elementor-element-b45e743 e-flex e-con-boxed e-con e-parent\" data-id=\"b45e743\" data-element_type=\"container\" data-e-type=\"container\">\n\t\t\t\t\t<div class=\"e-con-inner\">\n\t\t<div class=\"elementor-element elementor-element-8f43d56 e-con-full e-flex e-con e-child\" data-id=\"8f43d56\" data-element_type=\"container\" data-e-type=\"container\">\n\t\t\t\t<div class=\"elementor-element elementor-element-bfd02ff elementor-widget elementor-widget-heading\" data-id=\"bfd02ff\" data-element_type=\"widget\" data-e-type=\"widget\" data-widget_type=\"heading.default\">\n\t\t\t\t<div class=\"elementor-widget-container\">\n\t\t\t\t\t<h3 class=\"elementor-heading-title elementor-size-default\">El temario: qu\u00e9 debe dominar un tramitador que quiere promocionar<\/h3>\t\t\t\t<\/div>\n\t\t\t\t<\/div>\n\t\t\t\t<div class=\"elementor-element elementor-element-ff886cd elementor-widget elementor-widget-text-editor\" data-id=\"ff886cd\" data-element_type=\"widget\" data-e-type=\"widget\" data-widget_type=\"text-editor.default\">\n\t\t\t\t<div class=\"elementor-widget-container\">\n\t\t\t\t\t\t\t\t\t<div class=\"elementor-element elementor-element-69a7f0a elementor-widget elementor-widget-text-editor\" data-id=\"69a7f0a\" data-element_type=\"widget\" data-widget_type=\"text-editor.default\"><div class=\"elementor-widget-container\"><p>El programa oficial de Gesti\u00f3n Procesal por promoci\u00f3n interna est\u00e1 centrado fundamentalmente en <strong>Derecho Procesal y organizaci\u00f3n judicial.<\/strong> A diferencia del temario de Tramitaci\u00f3n Procesal, se exige profundizar en las distintas jurisdicciones, y adquirir una visi\u00f3n m\u00e1s t\u00e9cnica de la gesti\u00f3n de los procedimientos.<\/p><p>Entre las normas que conviene dominar se encuentran:<\/p><ul><li>La Constituci\u00f3n Espa\u00f1ola.<\/li><li>Ley Org\u00e1nica del Poder Judicial.<\/li><li>Ley de Enjuiciamiento Civil.<\/li><li>Ley de Enjuiciamiento Criminal.<\/li><li>Ley reguladora de la Jurisdicci\u00f3n Contencioso-Administrativa.<\/li><li>Ley reguladora de la Jurisdicci\u00f3n Social.<\/li><li>Normativa sobre Oficina Judicial y transformaci\u00f3n digital.<\/li><\/ul><p>Aunque la experiencia adquirida como tramitador resulta de gran utilidad, no siempre es suficiente. Es habitual que el funcionario desempe\u00f1e su trabajo en una \u00fanica jurisdicci\u00f3n o en una fase concreta del procedimiento, por lo que <strong>deber\u00e1 estudiar procedimientos que quiz\u00e1 no tramita habitualmente<\/strong>.<\/p><p>Adem\u00e1s, para superar el examen no basta con conocer la secuencia general de cada proceso: es imprescindible dominar las competencias, la legitimaci\u00f3n, los plazos, las resoluciones, los recursos y los efectos jur\u00eddicos de cada actuaci\u00f3n.<\/p><p>Por \u00faltimo, <strong>la legislaci\u00f3n debe mantenerse actualizada<\/strong> hasta la fecha que establezca la convocatoria. En un temario eminentemente procesal, cualquier reforma puede modificar plazos, competencias o formas de actuaci\u00f3n y afectar de forma directa al contenido del examen. Por ello, lo m\u00e1s recomendable es preparar la oposici\u00f3n con un temario permanentemente actualizado.<\/p><\/div><\/div>\t\t\t\t\t\t\t\t<\/div>\n\t\t\t\t<\/div>\n\t\t\t\t<\/div>\n\t\t\t\t\t<\/div>\n\t\t\t\t<\/div>\n\t\t<div class=\"elementor-element elementor-element-ba10ba7 e-flex e-con-boxed e-con e-parent\" data-id=\"ba10ba7\" data-element_type=\"container\" data-e-type=\"container\">\n\t\t\t\t\t<div class=\"e-con-inner\">\n\t\t<div class=\"elementor-element elementor-element-13a7d58 e-con-full e-flex e-con e-child\" data-id=\"13a7d58\" data-element_type=\"container\" data-e-type=\"container\">\n\t\t\t\t<div class=\"elementor-element elementor-element-1a749aa elementor-widget elementor-widget-heading\" data-id=\"1a749aa\" data-element_type=\"widget\" data-e-type=\"widget\" data-widget_type=\"heading.default\">\n\t\t\t\t<div class=\"elementor-widget-container\">\n\t\t\t\t\t<h3 class=\"elementor-heading-title elementor-size-default\">\u00bfCu\u00e1nto tiempo se tarda en preparar la promoci\u00f3n interna?<\/h3>\t\t\t\t<\/div>\n\t\t\t\t<\/div>\n\t\t\t\t<div class=\"elementor-element elementor-element-501b05e elementor-widget elementor-widget-text-editor\" data-id=\"501b05e\" data-element_type=\"widget\" data-e-type=\"widget\" data-widget_type=\"text-editor.default\">\n\t\t\t\t<div class=\"elementor-widget-container\">\n\t\t\t\t\t\t\t\t\t<div class=\"elementor-element elementor-element-69a7f0a elementor-widget elementor-widget-text-editor\" data-id=\"69a7f0a\" data-element_type=\"widget\" data-widget_type=\"text-editor.default\"><div class=\"elementor-widget-container\"><p>Depende del punto de partida. Un funcionario con experiencia en Tramitaci\u00f3n Procesal puede preparar la oposici\u00f3n en un periodo aproximado de entre seis meses y un a\u00f1o si mantiene una planificaci\u00f3n constante.<\/p><p>La gran ventaja es que gran parte del contenido <strong>forma parte del trabajo cotidiano,<\/strong> lo que reduce considerablemente el tiempo necesario para comprender el temario.<\/p><p>Para quienes trabajan a jornada completa resulta perfectamente compatible estudiar <strong>siempre que exista una planificaci\u00f3n semanal realista<\/strong>, combinando estudio te\u00f3rico, realizaci\u00f3n de test y repasos peri\u00f3dicos.<\/p><\/div><\/div>\t\t\t\t\t\t\t\t<\/div>\n\t\t\t\t<\/div>\n\t\t\t\t<\/div>\n\t\t\t\t\t<\/div>\n\t\t\t\t<\/div>\n\t\t<div class=\"elementor-element elementor-element-6f269b9 e-flex e-con-boxed e-con e-parent\" data-id=\"6f269b9\" data-element_type=\"container\" data-e-type=\"container\">\n\t\t\t\t\t<div class=\"e-con-inner\">\n\t\t<div class=\"elementor-element elementor-element-0d8979f e-con-full e-flex e-con e-child\" data-id=\"0d8979f\" data-element_type=\"container\" data-e-type=\"container\">\n\t\t\t\t<div class=\"elementor-element elementor-element-ea2f274 elementor-widget elementor-widget-heading\" data-id=\"ea2f274\" data-element_type=\"widget\" data-e-type=\"widget\" data-widget_type=\"heading.default\">\n\t\t\t\t<div class=\"elementor-widget-container\">\n\t\t\t\t\t<h2 class=\"elementor-heading-title elementor-size-default\">\u00bfQu\u00e9 m\u00e9ritos se valoran en el concurso?<\/h2>\t\t\t\t<\/div>\n\t\t\t\t<\/div>\n\t\t\t\t<div class=\"elementor-element elementor-element-de2281c elementor-widget elementor-widget-text-editor\" data-id=\"de2281c\" data-element_type=\"widget\" data-e-type=\"widget\" data-widget_type=\"text-editor.default\">\n\t\t\t\t<div class=\"elementor-widget-container\">\n\t\t\t\t\t\t\t\t\t<p>Solo acceden a la fase de concurso quienes hayan obtenido al menos 50 puntos en el ejercicio. Los m\u00e9ritos no sirven para compensar un examen suspendido, pero pueden ser decisivos para ordenar a los aprobados y <strong>adjudicar las plazas<\/strong>. En la convocatoria vigente, el concurso permite obtener un m\u00e1ximo de 65 puntos, una cifra suficientemente elevada como para calcular el baremo antes de iniciar la preparaci\u00f3n.<\/p><ul><li>La <strong>experiencia profesional puede aportar hasta 39 puntos<\/strong>. Los servicios prestados en Tramitaci\u00f3n Procesal, como titular, interino o sustituto, suman 0,30 puntos por mes completo; los prestados como sustituto o interino en Gesti\u00f3n Procesal, 0,35 puntos; y los desarrollados en otros cuerpos generales de Justicia, LAJ, judicatura o fiscal\u00eda, 0,25 puntos mensuales. El tiempo trabajado como personal laboral de la Administraci\u00f3n de Justicia se valora con 0,15 puntos por mes.<\/li><li>Los <strong>m\u00e9ritos acad\u00e9micos permiten alcanzar otros 26 puntos.<\/strong> La licenciatura o el m\u00e1ster en Derecho aportan 11 puntos, el grado en Derecho suma 9 y otras titulaciones universitarias reciben entre 5 y 6 puntos seg\u00fan su nivel. Los cursos jur\u00eddicos pueden aportar hasta 8 puntos y los de inform\u00e1tica hasta 5, siempre que cumplan los requisitos de antig\u00fcedad, duraci\u00f3n y entidad organizadora establecidos en las bases.<\/li><li>Tambi\u00e9n se valora el <strong>conocimiento acreditado de idiomas extranjeros<\/strong>, con un m\u00e1ximo de un punto. A ello se a\u00f1ade hasta otro punto por haber aprobado ex\u00e1menes en las dos \u00faltimas convocatorias de promoci\u00f3n interna a Gesti\u00f3n Procesal.<\/li><\/ul>\t\t\t\t\t\t\t\t<\/div>\n\t\t\t\t<\/div>\n\t\t\t\t<\/div>\n\t\t\t\t\t<\/div>\n\t\t\t\t<\/div>\n\t\t<div class=\"elementor-element elementor-element-431f664 e-flex e-con-boxed e-con e-parent\" data-id=\"431f664\" data-element_type=\"container\" data-e-type=\"container\">\n\t\t\t\t\t<div class=\"e-con-inner\">\n\t\t<div class=\"elementor-element elementor-element-66e3a1f e-con-full e-flex e-con e-child\" data-id=\"66e3a1f\" data-element_type=\"container\" data-e-type=\"container\">\n\t\t\t\t<div class=\"elementor-element elementor-element-4b96eb4 elementor-widget elementor-widget-heading\" data-id=\"4b96eb4\" data-element_type=\"widget\" data-e-type=\"widget\" data-widget_type=\"heading.default\">\n\t\t\t\t<div class=\"elementor-widget-container\">\n\t\t\t\t\t<h2 class=\"elementor-heading-title elementor-size-default\">Lenguas cooficiales y Derecho Civil Vasco<\/h2>\t\t\t\t<\/div>\n\t\t\t\t<\/div>\n\t\t\t\t<div class=\"elementor-element elementor-element-e46baf6 elementor-widget elementor-widget-text-editor\" data-id=\"e46baf6\" data-element_type=\"widget\" data-e-type=\"widget\" data-widget_type=\"text-editor.default\">\n\t\t\t\t<div class=\"elementor-widget-container\">\n\t\t\t\t\t\t\t\t\t<p>Quien concurra por un \u00e1mbito con lengua cooficial <strong>puede acreditar su conocimiento mediante certificado, o realizar la prueba<\/strong> prevista. Esta valoraci\u00f3n no forma parte de la puntuaci\u00f3n general de oposici\u00f3n y concurso, sino que se utiliza para establecer el orden dentro del territorio correspondiente. En la convocatoria vigente puede aportar hasta 18 puntos, seg\u00fan el \u00e1mbito y el nivel acreditado.<\/p><p>En el Pa\u00eds Vasco tambi\u00e9n puede valorarse <strong>el conocimiento del Derecho Civil Vasco con seis puntos.<\/strong> Esta puntuaci\u00f3n tiene los mismos efectos territoriales y puede acreditarse mediante determinadas titulaciones o superando un cuestionario espec\u00edfico.<\/p>\t\t\t\t\t\t\t\t<\/div>\n\t\t\t\t<\/div>\n\t\t\t\t<\/div>\n\t\t\t\t\t<\/div>\n\t\t\t\t<\/div>\n\t\t<div class=\"elementor-element elementor-element-4b711ca e-flex e-con-boxed e-con e-parent\" data-id=\"4b711ca\" data-element_type=\"container\" data-e-type=\"container\">\n\t\t\t\t\t<div class=\"e-con-inner\">\n\t\t<div class=\"elementor-element elementor-element-7d2e050 e-con-full e-flex e-con e-child\" data-id=\"7d2e050\" data-element_type=\"container\" data-e-type=\"container\">\n\t\t\t\t<div class=\"elementor-element elementor-element-e876189 elementor-widget-divider--view-line elementor-widget elementor-widget-divider\" data-id=\"e876189\" data-element_type=\"widget\" data-e-type=\"widget\" data-widget_type=\"divider.default\">\n\t\t\t\t<div class=\"elementor-widget-container\">\n\t\t\t\t\t\t\t<div class=\"elementor-divider\">\n\t\t\t<span class=\"elementor-divider-separator\">\n\t\t\t\t\t\t<\/span>\n\t\t<\/div>\n\t\t\t\t\t\t<\/div>\n\t\t\t\t<\/div>\n\t\t\t\t<div class=\"elementor-element elementor-element-e9f7f9a elementor-widget elementor-widget-text-editor\" data-id=\"e9f7f9a\" data-element_type=\"widget\" data-e-type=\"widget\" data-widget_type=\"text-editor.default\">\n\t\t\t\t<div class=\"elementor-widget-container\">\n\t\t\t\t\t\t\t\t\t<p>\u00a0<\/p><p>\ud83d\udcd6 <strong>\u00a1Encuentra el temario perfecto para ti!<\/strong><\/p><p>Nuestros expertos est\u00e1n aqu\u00ed para asesorarte y ayudarte a elegir la opci\u00f3n que mejor se ajusta a tus objetivos. \u2728 <strong>D\u00e9janos guiarte en tu futuro.<\/strong><\/p><p>\u00a0<\/p>\t\t\t\t\t\t\t\t<\/div>\n\t\t\t\t<\/div>\n\t\t\t\t<div class=\"elementor-element elementor-element-7191b43 elementor-align-center elementor-widget elementor-widget-button\" data-id=\"7191b43\" data-element_type=\"widget\" data-e-type=\"widget\" data-widget_type=\"button.default\">\n\t\t\t\t<div class=\"elementor-widget-container\">\n\t\t\t\t\t\t\t\t\t<div class=\"elementor-button-wrapper\">\n\t\t\t\t\t<a class=\"elementor-button elementor-button-link elementor-size-sm\" href=\"https:\/\/api.whatsapp.com\/send?phone=34678491092\" target=\"_blank\">\n\t\t\t\t\t\t<span class=\"elementor-button-content-wrapper\">\n\t\t\t\t\t\t\t\t\t<span class=\"elementor-button-text\">\u00a1Quiero vuestra ayuda!<\/span>\n\t\t\t\t\t<\/span>\n\t\t\t\t\t<\/a>\n\t\t\t\t<\/div>\n\t\t\t\t\t\t\t\t<\/div>\n\t\t\t\t<\/div>\n\t\t\t\t<div class=\"elementor-element elementor-element-75a89e5 elementor-widget-divider--view-line elementor-widget elementor-widget-divider\" data-id=\"75a89e5\" data-element_type=\"widget\" data-e-type=\"widget\" data-widget_type=\"divider.default\">\n\t\t\t\t<div class=\"elementor-widget-container\">\n\t\t\t\t\t\t\t<div class=\"elementor-divider\">\n\t\t\t<span class=\"elementor-divider-separator\">\n\t\t\t\t\t\t<\/span>\n\t\t<\/div>\n\t\t\t\t\t\t<\/div>\n\t\t\t\t<\/div>\n\t\t\t\t<\/div>\n\t\t\t\t\t<\/div>\n\t\t\t\t<\/div>\n\t\t<div class=\"elementor-element elementor-element-a686b3c e-flex e-con-boxed e-con e-parent\" data-id=\"a686b3c\" data-element_type=\"container\" data-e-type=\"container\">\n\t\t\t\t\t<div class=\"e-con-inner\">\n\t\t<div class=\"elementor-element elementor-element-89e5e8c e-con-full e-flex e-con e-child\" data-id=\"89e5e8c\" data-element_type=\"container\" data-e-type=\"container\">\n\t\t\t\t<div class=\"elementor-element elementor-element-1a553df elementor-widget elementor-widget-text-editor\" data-id=\"1a553df\" data-element_type=\"widget\" data-e-type=\"widget\" data-widget_type=\"text-editor.default\">\n\t\t\t\t<div class=\"elementor-widget-container\">\n\t\t\t\t\t\t\t\t\t<p>La promoci\u00f3n interna a <a href=\"https:\/\/mad.es\/blog\/sueldo-gestion-procesal\/\" target=\"_blank\" rel=\"noopener\"><strong>Gesti\u00f3n Procesal<\/strong><\/a> ofrece una oportunidad concreta para avanzar desde Tramitaci\u00f3n, asumir funciones de mayor nivel y mejorar la trayectoria profesional dentro de Justicia. Para sacarle el m\u00e1ximo partido, es necesario estudiar con contenidos actualizados, conocer de antemano el baremo personal y practicar de manera constante el formato del examen.<\/p><p>En <a href=\"https:\/\/mad.es\/\" target=\"_blank\" rel=\"noopener\"><strong>MAD Formaci\u00f3n<\/strong><\/a> encontrar\u00e1s temarios, cuestionarios y recursos espec\u00edficos para preparar Gesti\u00f3n Procesal por promoci\u00f3n interna con una planificaci\u00f3n adaptada a las exigencias de la convocatoria. Entra en <a href=\"https:\/\/mad.es\/\" target=\"_blank\" rel=\"noopener\"><strong>mad.es<\/strong><\/a> y empieza a preparar el siguiente paso de tu carrera en la Administraci\u00f3n de Justicia.<\/p>\t\t\t\t\t\t\t\t<\/div>\n\t\t\t\t<\/div>\n\t\t\t\t<\/div>\n\t\t\t\t\t<\/div>\n\t\t\t\t<\/div>\n\t\t<div class=\"elementor-element elementor-element-7d03c72 e-flex e-con-boxed e-con e-parent\" data-id=\"7d03c72\" data-element_type=\"container\" data-e-type=\"container\">\n\t\t\t\t\t<div class=\"e-con-inner\">\n\t\t\t\t<div class=\"elementor-element elementor-element-d8aeeab elementor-widget elementor-widget-image\" data-id=\"d8aeeab\" data-element_type=\"widget\" data-e-type=\"widget\" data-widget_type=\"image.default\">\n\t\t\t\t<div class=\"elementor-widget-container\">\n\t\t\t\t\t\t\t\t\t\t\t\t\t\t\t\t<a href=\"https:\/\/mad.es\/gestion-procesal-y-administrativa\/31228-curso-mad360-gestion-procesal-libros-papel-2000000078250.html\" target=\"_blank\">\n\t\t\t\t\t\t\t<img fetchpriority=\"high\" decoding=\"async\" width=\"736\" height=\"126\" src=\"https:\/\/mad.es\/blog\/wp-content\/uploads\/2025\/02\/oposiciones-faciles-bachillerato.png\" class=\"attachment-large size-large wp-image-1567\" alt=\"oposiciones m\u00e1s f\u00e1cilles con bachillerato\" srcset=\"https:\/\/mad.es\/blog\/wp-content\/uploads\/2025\/02\/oposiciones-faciles-bachillerato.png 736w, https:\/\/mad.es\/blog\/wp-content\/uploads\/2025\/02\/oposiciones-faciles-bachillerato-300x51.png 300w\" sizes=\"(max-width: 736px) 100vw, 736px\" \/>\t\t\t\t\t\t\t\t<\/a>\n\t\t\t\t\t\t\t\t\t\t\t\t\t\t\t<\/div>\n\t\t\t\t<\/div>\n\t\t\t\t\t<\/div>\n\t\t\t\t<\/div>\n\t\t\t\t<\/div>\n\t\t","protected":false},"excerpt":{"rendered":"<p><span class=\"span-reading-time rt-reading-time\" style=\"display: block;\"><span class=\"rt-label rt-prefix\">Tiempo de lectura:<\/span> <span class=\"rt-time\"> 6<\/span> <span class=\"rt-label rt-postfix\">minutos<\/span><\/span>La Gesti\u00f3n Procesal por promoci\u00f3n interna es la v\u00eda de progresi\u00f3n profesional destinada a los funcionarios de carrera del Cuerpo de Tramitaci\u00f3n Procesal y Administrativa que quieren acceder al subgrupo A2. Para quien ya trabaja en un juzgado, una fiscal\u00eda u otro destino de la Administraci\u00f3n de Justicia, la decisi\u00f3n consiste en valorar si el [&hellip;]<\/p>\n","protected":false},"author":10,"featured_media":11276,"comment_status":"closed","ping_status":"closed","sticky":false,"template":"","format":"standard","meta":{"footnotes":""},"categories":[27],"tags":[57],"class_list":["post-11274","post","type-post","status-publish","format-standard","has-post-thumbnail","hentry","category-oposiciones-justicia","tag-oposiciones-gestion-procesal"],"yoast_head":"<!-- This site is optimized with the Yoast SEO plugin v28.3 - https:\/\/yoast.com\/product\/yoast-seo-wordpress\/ -->\n<title>Gesti\u00f3n Procesal por promoci\u00f3n interna: requisitos y claves<\/title>\n<meta name=\"description\" content=\"La Gesti\u00f3n Procesal por promoci\u00f3n interna es la v\u00eda de progresi\u00f3n profesional destinada a los funcionarios de carrera.\" \/>\n<meta name=\"robots\" content=\"index, follow, max-snippet:-1, max-image-preview:large, max-video-preview:-1\" \/>\n<link rel=\"canonical\" href=\"https:\/\/mad.es\/blog\/promocion-interna-gestion-procesal\/\" \/>\n<meta property=\"og:locale\" content=\"es_ES\" \/>\n<meta property=\"og:type\" content=\"article\" \/>\n<meta property=\"og:title\" content=\"Gesti\u00f3n Procesal por promoci\u00f3n interna: requisitos y claves\" \/>\n<meta property=\"og:description\" content=\"La Gesti\u00f3n Procesal por promoci\u00f3n interna es la v\u00eda de progresi\u00f3n profesional destinada a los funcionarios de carrera.\" \/>\n<meta property=\"og:url\" content=\"https:\/\/mad.es\/blog\/promocion-interna-gestion-procesal\/\" \/>\n<meta property=\"og:site_name\" content=\"MAD - Blog\" \/>\n<meta property=\"article:publisher\" content=\"https:\/\/www.facebook.com\/EditorialMAD\" \/>\n<meta property=\"article:published_time\" content=\"2026-08-28T11:58:52+00:00\" \/>\n<meta property=\"article:modified_time\" content=\"2026-08-28T12:25:52+00:00\" \/>\n<meta property=\"og:image\" content=\"https:\/\/mad.es\/blog\/wp-content\/uploads\/2026\/08\/Promocion-Interna-Gestion-Procesal.png\" \/>\n\t<meta property=\"og:image:width\" content=\"1920\" \/>\n\t<meta property=\"og:image:height\" content=\"1296\" \/>\n\t<meta property=\"og:image:type\" content=\"image\/png\" \/>\n<meta name=\"author\" content=\"Cristina Santos\" \/>\n<meta name=\"twitter:card\" content=\"summary_large_image\" \/>\n<meta name=\"twitter:creator\" content=\"@EditorialMAD\" \/>\n<meta name=\"twitter:site\" content=\"@EditorialMAD\" \/>\n<meta name=\"twitter:label1\" content=\"Escrito por\" \/>\n\t<meta name=\"twitter:data1\" content=\"Cristina Santos\" \/>\n\t<meta name=\"twitter:label2\" content=\"Tiempo de lectura\" \/>\n\t<meta name=\"twitter:data2\" content=\"9 minutos\" \/>\n<script type=\"application\/ld+json\" class=\"yoast-schema-graph\">{\"@context\":\"https:\\\/\\\/schema.org\",\"@graph\":[{\"@type\":\"Article\",\"@id\":\"https:\\\/\\\/mad.es\\\/blog\\\/promocion-interna-gestion-procesal\\\/#article\",\"isPartOf\":{\"@id\":\"https:\\\/\\\/mad.es\\\/blog\\\/promocion-interna-gestion-procesal\\\/\"},\"author\":{\"name\":\"Cristina Santos\",\"@id\":\"https:\\\/\\\/mad.es\\\/blog\\\/#\\\/schema\\\/person\\\/d40dac62b804d92bd8d1be75abde9dc8\"},\"headline\":\"Gesti\u00f3n Procesal por promoci\u00f3n interna: requisitos, examen, m\u00e9ritos y claves para ascender\",\"datePublished\":\"2026-08-28T11:58:52+00:00\",\"dateModified\":\"2026-08-28T12:25:52+00:00\",\"mainEntityOfPage\":{\"@id\":\"https:\\\/\\\/mad.es\\\/blog\\\/promocion-interna-gestion-procesal\\\/\"},\"wordCount\":1840,\"publisher\":{\"@id\":\"https:\\\/\\\/mad.es\\\/blog\\\/#organization\"},\"image\":{\"@id\":\"https:\\\/\\\/mad.es\\\/blog\\\/promocion-interna-gestion-procesal\\\/#primaryimage\"},\"thumbnailUrl\":\"https:\\\/\\\/mad.es\\\/blog\\\/wp-content\\\/uploads\\\/2026\\\/08\\\/Promocion-Interna-Gestion-Procesal.png\",\"keywords\":[\"Oposiciones Gesti\u00f3n Procesal\"],\"articleSection\":[\"Justicia\"],\"inLanguage\":\"es\"},{\"@type\":\"WebPage\",\"@id\":\"https:\\\/\\\/mad.es\\\/blog\\\/promocion-interna-gestion-procesal\\\/\",\"url\":\"https:\\\/\\\/mad.es\\\/blog\\\/promocion-interna-gestion-procesal\\\/\",\"name\":\"Gesti\u00f3n Procesal por promoci\u00f3n interna: requisitos y claves\",\"isPartOf\":{\"@id\":\"https:\\\/\\\/mad.es\\\/blog\\\/#website\"},\"primaryImageOfPage\":{\"@id\":\"https:\\\/\\\/mad.es\\\/blog\\\/promocion-interna-gestion-procesal\\\/#primaryimage\"},\"image\":{\"@id\":\"https:\\\/\\\/mad.es\\\/blog\\\/promocion-interna-gestion-procesal\\\/#primaryimage\"},\"thumbnailUrl\":\"https:\\\/\\\/mad.es\\\/blog\\\/wp-content\\\/uploads\\\/2026\\\/08\\\/Promocion-Interna-Gestion-Procesal.png\",\"datePublished\":\"2026-08-28T11:58:52+00:00\",\"dateModified\":\"2026-08-28T12:25:52+00:00\",\"description\":\"La Gesti\u00f3n Procesal por promoci\u00f3n interna es la v\u00eda de progresi\u00f3n profesional destinada a los funcionarios de carrera.\",\"breadcrumb\":{\"@id\":\"https:\\\/\\\/mad.es\\\/blog\\\/promocion-interna-gestion-procesal\\\/#breadcrumb\"},\"inLanguage\":\"es\",\"potentialAction\":[{\"@type\":\"ReadAction\",\"target\":[\"https:\\\/\\\/mad.es\\\/blog\\\/promocion-interna-gestion-procesal\\\/\"]}]},{\"@type\":\"ImageObject\",\"inLanguage\":\"es\",\"@id\":\"https:\\\/\\\/mad.es\\\/blog\\\/promocion-interna-gestion-procesal\\\/#primaryimage\",\"url\":\"https:\\\/\\\/mad.es\\\/blog\\\/wp-content\\\/uploads\\\/2026\\\/08\\\/Promocion-Interna-Gestion-Procesal.png\",\"contentUrl\":\"https:\\\/\\\/mad.es\\\/blog\\\/wp-content\\\/uploads\\\/2026\\\/08\\\/Promocion-Interna-Gestion-Procesal.png\",\"width\":1920,\"height\":1296,\"caption\":\"gesti\u00f3n procesal promoci\u00f3n interna\"},{\"@type\":\"BreadcrumbList\",\"@id\":\"https:\\\/\\\/mad.es\\\/blog\\\/promocion-interna-gestion-procesal\\\/#breadcrumb\",\"itemListElement\":[{\"@type\":\"ListItem\",\"position\":1,\"name\":\"Portada\",\"item\":\"https:\\\/\\\/mad.es\\\/blog\\\/\"},{\"@type\":\"ListItem\",\"position\":2,\"name\":\"Gesti\u00f3n Procesal por promoci\u00f3n interna: requisitos, examen, m\u00e9ritos y claves para ascender\"}]},{\"@type\":\"WebSite\",\"@id\":\"https:\\\/\\\/mad.es\\\/blog\\\/#website\",\"url\":\"https:\\\/\\\/mad.es\\\/blog\\\/\",\"name\":\"MAD - Blog\",\"description\":\"Informaci\u00f3n actualizada, recursos exclusivos y consejos expertos, todo sobre tu Oposici\u00f3n en un solo lugar\",\"publisher\":{\"@id\":\"https:\\\/\\\/mad.es\\\/blog\\\/#organization\"},\"potentialAction\":[{\"@type\":\"SearchAction\",\"target\":{\"@type\":\"EntryPoint\",\"urlTemplate\":\"https:\\\/\\\/mad.es\\\/blog\\\/?s={search_term_string}\"},\"query-input\":{\"@type\":\"PropertyValueSpecification\",\"valueRequired\":true,\"valueName\":\"search_term_string\"}}],\"inLanguage\":\"es\"},{\"@type\":\"Organization\",\"@id\":\"https:\\\/\\\/mad.es\\\/blog\\\/#organization\",\"name\":\"MAD\",\"url\":\"https:\\\/\\\/mad.es\\\/blog\\\/\",\"logo\":{\"@type\":\"ImageObject\",\"inLanguage\":\"es\",\"@id\":\"https:\\\/\\\/mad.es\\\/blog\\\/#\\\/schema\\\/logo\\\/image\\\/\",\"url\":\"https:\\\/\\\/mad.es\\\/blog\\\/wp-content\\\/uploads\\\/2025\\\/01\\\/logo-mad-azul.svg\",\"contentUrl\":\"https:\\\/\\\/mad.es\\\/blog\\\/wp-content\\\/uploads\\\/2025\\\/01\\\/logo-mad-azul.svg\",\"width\":229,\"height\":73,\"caption\":\"MAD\"},\"image\":{\"@id\":\"https:\\\/\\\/mad.es\\\/blog\\\/#\\\/schema\\\/logo\\\/image\\\/\"},\"sameAs\":[\"https:\\\/\\\/www.facebook.com\\\/EditorialMAD\",\"https:\\\/\\\/x.com\\\/EditorialMAD\",\"https:\\\/\\\/www.instagram.com\\\/editorialmad\\\/\",\"https:\\\/\\\/www.tiktok.com\\\/@editorialmad\"]},{\"@type\":\"Person\",\"@id\":\"https:\\\/\\\/mad.es\\\/blog\\\/#\\\/schema\\\/person\\\/d40dac62b804d92bd8d1be75abde9dc8\",\"name\":\"Cristina Santos\",\"image\":{\"@type\":\"ImageObject\",\"inLanguage\":\"es\",\"@id\":\"https:\\\/\\\/secure.gravatar.com\\\/avatar\\\/9a5a04f52aa91e00514a05bf5005ee01818f715a11e5ae258160f64e05e09687?s=96&d=blank&r=g\",\"url\":\"https:\\\/\\\/secure.gravatar.com\\\/avatar\\\/9a5a04f52aa91e00514a05bf5005ee01818f715a11e5ae258160f64e05e09687?s=96&d=blank&r=g\",\"contentUrl\":\"https:\\\/\\\/secure.gravatar.com\\\/avatar\\\/9a5a04f52aa91e00514a05bf5005ee01818f715a11e5ae258160f64e05e09687?s=96&d=blank&r=g\",\"caption\":\"Cristina Santos\"},\"description\":\"Periodista especializada en oposiciones con m\u00e1s de 20 a\u00f1os de experiencia en medios, entornos digitales y comunicaci\u00f3n corporativa. M\u00e1ster en Periodismo Audiovisual (CES Madrid) y licenciada en Periodismo por la Universidad de Gales. Colaboradora en Canal Sur Radio y miembro del Foro Mujeres Cyber-l\u00edderes de Andaluc\u00eda.\",\"url\":\"https:\\\/\\\/mad.es\\\/blog\\\/author\\\/csantos\\\/\"}]}<\/script>\n<!-- \/ Yoast SEO plugin. -->","yoast_head_json":{"title":"Gesti\u00f3n Procesal por promoci\u00f3n interna: requisitos y claves","description":"La Gesti\u00f3n Procesal por promoci\u00f3n interna es la v\u00eda de progresi\u00f3n profesional destinada a los funcionarios de carrera.","robots":{"index":"index","follow":"follow","max-snippet":"max-snippet:-1","max-image-preview":"max-image-preview:large","max-video-preview":"max-video-preview:-1"},"canonical":"https:\/\/mad.es\/blog\/promocion-interna-gestion-procesal\/","og_locale":"es_ES","og_type":"article","og_title":"Gesti\u00f3n Procesal por promoci\u00f3n interna: requisitos y claves","og_description":"La Gesti\u00f3n Procesal por promoci\u00f3n interna es la v\u00eda de progresi\u00f3n profesional destinada a los funcionarios de carrera.","og_url":"https:\/\/mad.es\/blog\/promocion-interna-gestion-procesal\/","og_site_name":"MAD - Blog","article_publisher":"https:\/\/www.facebook.com\/EditorialMAD","article_published_time":"2026-08-28T11:58:52+00:00","article_modified_time":"2026-08-28T12:25:52+00:00","og_image":[{"width":1920,"height":1296,"url":"https:\/\/mad.es\/blog\/wp-content\/uploads\/2026\/08\/Promocion-Interna-Gestion-Procesal.png","type":"image\/png"}],"author":"Cristina Santos","twitter_card":"summary_large_image","twitter_creator":"@EditorialMAD","twitter_site":"@EditorialMAD","twitter_misc":{"Escrito por":"Cristina Santos","Tiempo de lectura":"9 minutos"},"schema":{"@context":"https:\/\/schema.org","@graph":[{"@type":"Article","@id":"https:\/\/mad.es\/blog\/promocion-interna-gestion-procesal\/#article","isPartOf":{"@id":"https:\/\/mad.es\/blog\/promocion-interna-gestion-procesal\/"},"author":{"name":"Cristina Santos","@id":"https:\/\/mad.es\/blog\/#\/schema\/person\/d40dac62b804d92bd8d1be75abde9dc8"},"headline":"Gesti\u00f3n Procesal por promoci\u00f3n interna: requisitos, examen, m\u00e9ritos y claves para ascender","datePublished":"2026-08-28T11:58:52+00:00","dateModified":"2026-08-28T12:25:52+00:00","mainEntityOfPage":{"@id":"https:\/\/mad.es\/blog\/promocion-interna-gestion-procesal\/"},"wordCount":1840,"publisher":{"@id":"https:\/\/mad.es\/blog\/#organization"},"image":{"@id":"https:\/\/mad.es\/blog\/promocion-interna-gestion-procesal\/#primaryimage"},"thumbnailUrl":"https:\/\/mad.es\/blog\/wp-content\/uploads\/2026\/08\/Promocion-Interna-Gestion-Procesal.png","keywords":["Oposiciones Gesti\u00f3n Procesal"],"articleSection":["Justicia"],"inLanguage":"es"},{"@type":"WebPage","@id":"https:\/\/mad.es\/blog\/promocion-interna-gestion-procesal\/","url":"https:\/\/mad.es\/blog\/promocion-interna-gestion-procesal\/","name":"Gesti\u00f3n Procesal por promoci\u00f3n interna: requisitos y claves","isPartOf":{"@id":"https:\/\/mad.es\/blog\/#website"},"primaryImageOfPage":{"@id":"https:\/\/mad.es\/blog\/promocion-interna-gestion-procesal\/#primaryimage"},"image":{"@id":"https:\/\/mad.es\/blog\/promocion-interna-gestion-procesal\/#primaryimage"},"thumbnailUrl":"https:\/\/mad.es\/blog\/wp-content\/uploads\/2026\/08\/Promocion-Interna-Gestion-Procesal.png","datePublished":"2026-08-28T11:58:52+00:00","dateModified":"2026-08-28T12:25:52+00:00","description":"La Gesti\u00f3n Procesal por promoci\u00f3n interna es la v\u00eda de progresi\u00f3n profesional destinada a los funcionarios de carrera.","breadcrumb":{"@id":"https:\/\/mad.es\/blog\/promocion-interna-gestion-procesal\/#breadcrumb"},"inLanguage":"es","potentialAction":[{"@type":"ReadAction","target":["https:\/\/mad.es\/blog\/promocion-interna-gestion-procesal\/"]}]},{"@type":"ImageObject","inLanguage":"es","@id":"https:\/\/mad.es\/blog\/promocion-interna-gestion-procesal\/#primaryimage","url":"https:\/\/mad.es\/blog\/wp-content\/uploads\/2026\/08\/Promocion-Interna-Gestion-Procesal.png","contentUrl":"https:\/\/mad.es\/blog\/wp-content\/uploads\/2026\/08\/Promocion-Interna-Gestion-Procesal.png","width":1920,"height":1296,"caption":"gesti\u00f3n procesal promoci\u00f3n interna"},{"@type":"BreadcrumbList","@id":"https:\/\/mad.es\/blog\/promocion-interna-gestion-procesal\/#breadcrumb","itemListElement":[{"@type":"ListItem","position":1,"name":"Portada","item":"https:\/\/mad.es\/blog\/"},{"@type":"ListItem","position":2,"name":"Gesti\u00f3n Procesal por promoci\u00f3n interna: requisitos, examen, m\u00e9ritos y claves para ascender"}]},{"@type":"WebSite","@id":"https:\/\/mad.es\/blog\/#website","url":"https:\/\/mad.es\/blog\/","name":"MAD - Blog","description":"Informaci\u00f3n actualizada, recursos exclusivos y consejos expertos, todo sobre tu Oposici\u00f3n en un solo lugar","publisher":{"@id":"https:\/\/mad.es\/blog\/#organization"},"potentialAction":[{"@type":"SearchAction","target":{"@type":"EntryPoint","urlTemplate":"https:\/\/mad.es\/blog\/?s={search_term_string}"},"query-input":{"@type":"PropertyValueSpecification","valueRequired":true,"valueName":"search_term_string"}}],"inLanguage":"es"},{"@type":"Organization","@id":"https:\/\/mad.es\/blog\/#organization","name":"MAD","url":"https:\/\/mad.es\/blog\/","logo":{"@type":"ImageObject","inLanguage":"es","@id":"https:\/\/mad.es\/blog\/#\/schema\/logo\/image\/","url":"https:\/\/mad.es\/blog\/wp-content\/uploads\/2025\/01\/logo-mad-azul.svg","contentUrl":"https:\/\/mad.es\/blog\/wp-content\/uploads\/2025\/01\/logo-mad-azul.svg","width":229,"height":73,"caption":"MAD"},"image":{"@id":"https:\/\/mad.es\/blog\/#\/schema\/logo\/image\/"},"sameAs":["https:\/\/www.facebook.com\/EditorialMAD","https:\/\/x.com\/EditorialMAD","https:\/\/www.instagram.com\/editorialmad\/","https:\/\/www.tiktok.com\/@editorialmad"]},{"@type":"Person","@id":"https:\/\/mad.es\/blog\/#\/schema\/person\/d40dac62b804d92bd8d1be75abde9dc8","name":"Cristina Santos","image":{"@type":"ImageObject","inLanguage":"es","@id":"https:\/\/secure.gravatar.com\/avatar\/9a5a04f52aa91e00514a05bf5005ee01818f715a11e5ae258160f64e05e09687?s=96&d=blank&r=g","url":"https:\/\/secure.gravatar.com\/avatar\/9a5a04f52aa91e00514a05bf5005ee01818f715a11e5ae258160f64e05e09687?s=96&d=blank&r=g","contentUrl":"https:\/\/secure.gravatar.com\/avatar\/9a5a04f52aa91e00514a05bf5005ee01818f715a11e5ae258160f64e05e09687?s=96&d=blank&r=g","caption":"Cristina Santos"},"description":"Periodista especializada en oposiciones con m\u00e1s de 20 a\u00f1os de experiencia en medios, entornos digitales y comunicaci\u00f3n corporativa. M\u00e1ster en Periodismo Audiovisual (CES Madrid) y licenciada en Periodismo por la Universidad de Gales. Colaboradora en Canal Sur Radio y miembro del Foro Mujeres Cyber-l\u00edderes de Andaluc\u00eda.","url":"https:\/\/mad.es\/blog\/author\/csantos\/"}]}},"_links":{"self":[{"href":"https:\/\/mad.es\/blog\/wp-json\/wp\/v2\/posts\/11274","targetHints":{"allow":["GET"]}}],"collection":[{"href":"https:\/\/mad.es\/blog\/wp-json\/wp\/v2\/posts"}],"about":[{"href":"https:\/\/mad.es\/blog\/wp-json\/wp\/v2\/types\/post"}],"author":[{"embeddable":true,"href":"https:\/\/mad.es\/blog\/wp-json\/wp\/v2\/users\/10"}],"replies":[{"embeddable":true,"href":"https:\/\/mad.es\/blog\/wp-json\/wp\/v2\/comments?post=11274"}],"version-history":[{"count":92,"href":"https:\/\/mad.es\/blog\/wp-json\/wp\/v2\/posts\/11274\/revisions"}],"predecessor-version":[{"id":11369,"href":"https:\/\/mad.es\/blog\/wp-json\/wp\/v2\/posts\/11274\/revisions\/11369"}],"wp:featuredmedia":[{"embeddable":true,"href":"https:\/\/mad.es\/blog\/wp-json\/wp\/v2\/media\/11276"}],"wp:attachment":[{"href":"https:\/\/mad.es\/blog\/wp-json\/wp\/v2\/media?parent=11274"}],"wp:term":[{"taxonomy":"category","embeddable":true,"href":"https:\/\/mad.es\/blog\/wp-json\/wp\/v2\/categories?post=11274"},{"taxonomy":"post_tag","embeddable":true,"href":"https:\/\/mad.es\/blog\/wp-json\/wp\/v2\/tags?post=11274"}],"curies":[{"name":"wp","href":"https:\/\/api.w.org\/{rel}","templated":true}]}}